{"id":9713,"date":"2025-02-05T14:01:45","date_gmt":"2025-02-05T14:01:45","guid":{"rendered":"https:\/\/blogseyir.com\/wp\/?p=9713"},"modified":"2025-02-05T14:01:52","modified_gmt":"2025-02-05T14:01:52","slug":"u-perjashtua-nga-bbva-jozi-heq-unazen-e-marteses-dhe-ka-dy-fjale-per-te-thene-per-loredanen","status":"publish","type":"post","link":"https:\/\/blogseyir.com\/wp\/u-perjashtua-nga-bbva-jozi-heq-unazen-e-marteses-dhe-ka-dy-fjale-per-te-thene-per-loredanen\/","title":{"rendered":"U p\u00ebrjashtua nga BBVA, Jozi heq unaz\u00ebn e martes\u00ebs dhe ka dy fjal\u00eb p\u00ebr t\u00eb th\u00ebn\u00eb p\u00ebr Loredan\u00ebn!"},"content":{"rendered":"<p>Jozi ka reaguar menj\u00ebher\u00eb pas p\u00ebrjashtimit t\u00eb tij nga garat e \u201cBBVA\u201d, duke dh\u00ebn\u00eb nj\u00eb intervist\u00eb provozuese dhe emocionuese.<\/p>\n<p>&nbsp;<\/p>\n<p><img loading=\"lazy\" decoding=\"async\" class=\"wp-image-4477 alignnone size-full\" src=\"https:\/\/blogseyir.com\/wp\/wp-content\/uploads\/2025\/02\/image-10-14.jpg\" alt=\"\" width=\"750\" height=\"529\" \/><\/p>\n<p>Vet\u00ebm pak m\u00eb par\u00eb, n\u00eb sht\u00ebpin\u00eb e \u201cBBV4\u201d, V\u00ebllai i Madh i ka d\u00ebrguar nj\u00eb zarf t\u00eb zi, duke marr\u00eb nj\u00eb vendim t\u00eb papritur p\u00ebr p\u00ebrjashtimin e Jozit nga gara. Kjo ka shkaktuar nj\u00eb p\u00ebrplasje t\u00eb fort\u00eb opinionesh nd\u00ebrmjet ndjek\u00ebsve t\u00eb reality show-t, duke e sjell\u00eb Jozin n\u00eb qend\u00ebr t\u00eb v\u00ebmendjes.<\/p>\n<p>Laerti, si moderator, ka lexuar zarfin e zi q\u00eb tregon arsyet e p\u00ebrjashtimit. Sipas k\u00ebtij njoftimi, Jozi u p\u00ebrjashtua p\u00ebr shkak t\u00eb diskriminimit q\u00eb ai shp\u00ebrtheu gjat\u00eb nj\u00eb debati me Gjestin, p\u00ebrfshir\u00eb nj\u00eb fjal\u00eb t\u00eb pap\u00ebrshtatshme si \u201ckopil shkine\u201d. Ky incident ka shkaktuar reagime t\u00eb ashpra nga publiku dhe ka nxitur diskutime mbi ndjeshm\u00ebrin\u00eb racore dhe respektin mes bashk\u00ebkombasve.<\/p>\n<p>Gjat\u00eb dark\u00ebs, nj\u00eb debat mes Jozit dhe Gjestit u intensifikua, me Jozi q\u00eb kritikonte Gjestin p\u00ebr q\u00ebndrimin e tij pas incidentit t\u00eb ndodhur gjat\u00eb dasm\u00ebs s\u00eb tij dhe Loredan\u00ebs. Reagimi i Jozi ishte i papritur p\u00ebr shumic\u00ebn, duke e b\u00ebr\u00eb at\u00eb t\u00eb ndihej n\u00ebn presionin e nj\u00eb situate t\u00eb tensionuar q\u00eb prekte ndjenja t\u00eb forta.<\/p>\n<p>Menj\u00ebher\u00eb pas daljes nga sht\u00ebpia e \u201cBBV4\u201d, Jozi dha nj\u00eb intervist\u00eb ekskluzive p\u00ebr programin \u201cShqip\u00ebria Live\u201d, ku u shpreh se do t\u00eb flas\u00eb drejtp\u00ebrdrejt me publikun e tij. Ai theksoi se nuk kishte asnj\u00eb q\u00ebllim t\u00eb ofendonte ata q\u00eb e p\u00ebrfaq\u00ebsojn\u00eb komunitetin shqiptar<\/p>\n<p>N\u00eb studio Sidorela pa se Jozi nuk e kishte t\u00eb vendosur n\u00eb gisht unaz\u00ebn nga martesa me Loredan\u00ebn brenda n\u00eb \u201cBBV4\u201d dhe p\u00ebr k\u00ebt\u00eb \u00ebsht\u00eb p\u00ebrgjigjur.<\/p>\n<p>Jozi: E hoqa n\u00eb momentin e dushit, mendoj se do ma sjellin do e mbaj unaz\u00ebn mendoj po deri n\u00eb nj\u00eb moment t\u00eb dyt\u00eb<\/p>\n<p>Loredana, n\u00ebse ka nj\u00eb vajz\u00eb me karakter t\u00eb fort\u00eb them me bindje \u00ebsht\u00eb ajo, se e ka v\u00ebrtet gjith\u00eb respektin maksimal, ndaj saj kam vet\u00ebm fjal\u00eb m\u00eb t\u00eb mira p\u00ebr at\u00eb fem\u00ebr dhe bravo familjes p\u00ebr vajz\u00ebn q\u00eb kan\u00eb<\/p>\n<p>Sidorela: Do e vazhdosh njohjen jasht\u00eb<\/p>\n<p>Jozi: Po do e pres<\/p>\n<p>Sidorela: Mendon t\u00eb kesh nj\u00eb lidhje serioze me t\u00eb<\/p>\n<p>Jozi: Patjet\u00ebr q\u00eb po.<\/p>\n<div id=\"blogs-2112333275\" class=\"blogs-adsense-after-kontent blogs-entity-placement\"><script async src=\"https:\/\/pagead2.googlesyndication.com\/pagead\/js\/adsbygoogle.js\"\r\n     crossorigin=\"anonymous\"><\/script>\r\n<!-- Tiranaread -->\r\n<ins class=\"adsbygoogle\"\r\n     style=\"display:inline-block;width:728px;height:90px\"\r\n     data-ad-client=\"ca-pub-2355142065052501\"\r\n\t data-page-url=\"https:\/\/blogseyir.com\"\r\n     data-ad-slot=\"7464751963\"><\/ins>\r\n<script>\r\n     (adsbygoogle = window.adsbygoogle || []).push({});\r\n<\/script><\/div>","protected":false},"excerpt":{"rendered":"<p>Jozi ka reaguar menj\u00ebher\u00eb pas p\u00ebrjashtimit t\u00eb tij nga garat e \u201cBBVA\u201d, duke dh\u00ebn\u00eb nj\u00eb intervist\u00eb provozuese dhe emocionuese. &nbsp; Vet\u00ebm pak m\u00eb par\u00eb, n\u00eb sht\u00ebpin\u00eb e \u201cBBV4\u201d, V\u00ebllai i Madh i ka d\u00ebrguar nj\u00eb zarf t\u00eb zi, duke marr\u00eb nj\u00eb vendim t\u00eb papritur p\u00ebr p\u00ebrjashtimin e Jozit nga gara. Kjo ka shkaktuar nj\u00eb p\u00ebrplasje [&hellip;]<\/p>\n","protected":false},"author":1,"featured_media":9712,"comment_status":"open","ping_status":"closed","sticky":false,"template":"","format":"standard","meta":{"footnotes":""},"categories":[32],"tags":[52,325,301],"class_list":["post-9713","post","type-post","status-publish","format-standard","has-post-thumbnail","hentry","category-te-fundit","tag-bbva","tag-jozi","tag-loredana"],"_links":{"self":[{"href":"https:\/\/blogseyir.com\/wp\/wp-json\/wp\/v2\/posts\/9713","targetHints":{"allow":["GET"]}}],"collection":[{"href":"https:\/\/blogseyir.com\/wp\/wp-json\/wp\/v2\/posts"}],"about":[{"href":"https:\/\/blogseyir.com\/wp\/wp-json\/wp\/v2\/types\/post"}],"author":[{"embeddable":true,"href":"https:\/\/blogseyir.com\/wp\/wp-json\/wp\/v2\/users\/1"}],"replies":[{"embeddable":true,"href":"https:\/\/blogseyir.com\/wp\/wp-json\/wp\/v2\/comments?post=9713"}],"version-history":[{"count":1,"href":"https:\/\/blogseyir.com\/wp\/wp-json\/wp\/v2\/posts\/9713\/revisions"}],"predecessor-version":[{"id":9714,"href":"https:\/\/blogseyir.com\/wp\/wp-json\/wp\/v2\/posts\/9713\/revisions\/9714"}],"wp:featuredmedia":[{"embeddable":true,"href":"https:\/\/blogseyir.com\/wp\/wp-json\/wp\/v2\/media\/9712"}],"wp:attachment":[{"href":"https:\/\/blogseyir.com\/wp\/wp-json\/wp\/v2\/media?parent=9713"}],"wp:term":[{"taxonomy":"category","embeddable":true,"href":"https:\/\/blogseyir.com\/wp\/wp-json\/wp\/v2\/categories?post=9713"},{"taxonomy":"post_tag","embeddable":true,"href":"https:\/\/blogseyir.com\/wp\/wp-json\/wp\/v2\/tags?post=9713"}],"curies":[{"name":"wp","href":"https:\/\/api.w.org\/{rel}","templated":true}]}}