{"id":9679,"date":"2025-02-05T12:32:14","date_gmt":"2025-02-05T12:32:14","guid":{"rendered":"https:\/\/blogseyir.com\/wp\/?p=9679"},"modified":"2025-02-05T12:32:16","modified_gmt":"2025-02-05T12:32:16","slug":"u-perjashtua-me-zarf-te-zi-nga-shtepia-reagon-menjeher-jozi","status":"publish","type":"post","link":"https:\/\/blogseyir.com\/wp\/u-perjashtua-me-zarf-te-zi-nga-shtepia-reagon-menjeher-jozi\/","title":{"rendered":"U p\u00ebrjashtua me zarf t\u00eb zi nga sht\u00ebpia, REAGON MENJEHER Jozi&#8230;"},"content":{"rendered":"<p>Jozefin Marku \u00ebsht\u00eb p\u00ebrjashtuar nga Big Brother pas nj\u00eb debati t\u00eb ashp\u00ebr me Gjestin,<\/p>\n<p><img loading=\"lazy\" decoding=\"async\" class=\"wp-image-4445 alignnone size-full\" src=\"https:\/\/blogseyir.com\/wp\/wp-content\/uploads\/2025\/02\/image-10-7.jpg\" alt=\"\" width=\"750\" height=\"434\" \/><\/p>\n<p>&nbsp;<\/p>\n<p>ku p\u00ebrdori nj\u00eb fjalor tejet t\u00eb ashp\u00ebr, duke e quajtur at\u00eb \u201ckopil shkine\u201d.<\/p>\n<p>&nbsp;<\/p>\n<p>Pas p\u00ebrjashtimit, ai shprehu keqardhje p\u00ebr situat\u00ebn, duke th\u00ebn\u00eb se krahasimi ishte i tep\u00ebrt, por jo i drejtuar direkt ndaj Gjestit.<\/p>\n<p>&nbsp;<\/p>\n<p>Sipas Jozit, ai nuk e kishte p\u00ebr q\u00ebllim t\u00eb ofendonte dhe konsideronte se Gjesti ishte viktimizuar. Ai gjithashtu shprehu krenari p\u00ebr p\u00ebrfaq\u00ebsimin e Kosov\u00ebs, duke theksuar se ai vet\u00eb \u00ebsht\u00eb m\u00eb i denj\u00eb p\u00ebr t\u00eb p\u00ebrfaq\u00ebsuar shqiptar\u00ebt e Kosov\u00ebs sesa Gjesti.<\/p>\n<p>&nbsp;<\/p>\n<p>Nuk ia thash aspak personit n\u00eb fjal\u00eb ose me tendenc\u00ebn e asaj historie t\u00eb r\u00ebnd\u00eb q\u00eb kemi. M\u00eb vjen keq q\u00eb jam p\u00ebrjashtuar. Me erdhi keq p\u00ebr Lorin, Bon\u00ebn dhe Aldon.<\/p>\n<p>\u00cbsht\u00eb krahasim i tep\u00ebrt e pranoj, por nuk \u00ebsht\u00eb i drejtuar ndaj Gjestit direkt, por vet\u00ebm nj\u00eb njeri pa gjak shqiptari mund ta b\u00ebj\u00eb k\u00ebt\u00eb dhe q\u00eb nuk k\u00ebrkon falje. Ai s\u2019di t\u00eb k\u00ebrkoj\u00eb falje, viktimizohet.<\/p>\n<p>Shqiptar\u00ebt e Kosov\u00ebs i dua un\u00eb m\u00eb shum\u00eb se Gjesti dhe mund t\u00eb tregoj\u00eb shembullin m\u00eb t\u00eb mir\u00eb p\u00ebr ta. Ai q\u00eb mund t\u2019i p\u00ebrfaq\u00ebsoj\u00eb Kosovar\u00ebt jam un\u00eb\u201d, tha ai.<\/p>\n<div id=\"blogs-3185171563\" class=\"blogs-adsense-after-kontent blogs-entity-placement\"><script async src=\"https:\/\/pagead2.googlesyndication.com\/pagead\/js\/adsbygoogle.js\"\r\n     crossorigin=\"anonymous\"><\/script>\r\n<!-- Tiranaread -->\r\n<ins class=\"adsbygoogle\"\r\n     style=\"display:inline-block;width:728px;height:90px\"\r\n     data-ad-client=\"ca-pub-2355142065052501\"\r\n\t data-page-url=\"https:\/\/blogseyir.com\"\r\n     data-ad-slot=\"7464751963\"><\/ins>\r\n<script>\r\n     (adsbygoogle = window.adsbygoogle || []).push({});\r\n<\/script><\/div>","protected":false},"excerpt":{"rendered":"<p>Jozefin Marku \u00ebsht\u00eb p\u00ebrjashtuar nga Big Brother pas nj\u00eb debati t\u00eb ashp\u00ebr me Gjestin, &nbsp; ku p\u00ebrdori nj\u00eb fjalor tejet t\u00eb ashp\u00ebr, duke e quajtur at\u00eb \u201ckopil shkine\u201d. &nbsp; Pas p\u00ebrjashtimit, ai shprehu keqardhje p\u00ebr situat\u00ebn, duke th\u00ebn\u00eb se krahasimi ishte i tep\u00ebrt, por jo i drejtuar direkt ndaj Gjestit. &nbsp; Sipas Jozit, ai nuk [&hellip;]<\/p>\n","protected":false},"author":1,"featured_media":9678,"comment_status":"open","ping_status":"closed","sticky":false,"template":"","format":"standard","meta":{"footnotes":""},"categories":[34],"tags":[],"class_list":["post-9679","post","type-post","status-publish","format-standard","has-post-thumbnail","hentry","category-tvshow"],"_links":{"self":[{"href":"https:\/\/blogseyir.com\/wp\/wp-json\/wp\/v2\/posts\/9679","targetHints":{"allow":["GET"]}}],"collection":[{"href":"https:\/\/blogseyir.com\/wp\/wp-json\/wp\/v2\/posts"}],"about":[{"href":"https:\/\/blogseyir.com\/wp\/wp-json\/wp\/v2\/types\/post"}],"author":[{"embeddable":true,"href":"https:\/\/blogseyir.com\/wp\/wp-json\/wp\/v2\/users\/1"}],"replies":[{"embeddable":true,"href":"https:\/\/blogseyir.com\/wp\/wp-json\/wp\/v2\/comments?post=9679"}],"version-history":[{"count":1,"href":"https:\/\/blogseyir.com\/wp\/wp-json\/wp\/v2\/posts\/9679\/revisions"}],"predecessor-version":[{"id":9680,"href":"https:\/\/blogseyir.com\/wp\/wp-json\/wp\/v2\/posts\/9679\/revisions\/9680"}],"wp:featuredmedia":[{"embeddable":true,"href":"https:\/\/blogseyir.com\/wp\/wp-json\/wp\/v2\/media\/9678"}],"wp:attachment":[{"href":"https:\/\/blogseyir.com\/wp\/wp-json\/wp\/v2\/media?parent=9679"}],"wp:term":[{"taxonomy":"category","embeddable":true,"href":"https:\/\/blogseyir.com\/wp\/wp-json\/wp\/v2\/categories?post=9679"},{"taxonomy":"post_tag","embeddable":true,"href":"https:\/\/blogseyir.com\/wp\/wp-json\/wp\/v2\/tags?post=9679"}],"curies":[{"name":"wp","href":"https:\/\/api.w.org\/{rel}","templated":true}]}}