{"id":9095,"date":"2025-01-31T09:58:19","date_gmt":"2025-01-31T09:58:19","guid":{"rendered":"https:\/\/blogseyir.com\/wp\/?p=9095"},"modified":"2025-01-31T09:58:21","modified_gmt":"2025-01-31T09:58:21","slug":"gerti-ferra-e-kam-dhjee-me-laertin","status":"publish","type":"post","link":"https:\/\/blogseyir.com\/wp\/gerti-ferra-e-kam-dhjee-me-laertin\/","title":{"rendered":"Gerti Ferra: \u201cE kam dhje*\u00eb me Laertin\u201d!"},"content":{"rendered":"<p>Iftuar n\u00eb \u201cBig Brother Radio\u201d me Elona Duro ka qen\u00eb Gerti Ferra.<\/p>\n<p>&nbsp;<\/p>\n<p><img loading=\"lazy\" decoding=\"async\" class=\"wp-image-3790 alignnone size-full\" src=\"https:\/\/blogseyir.com\/wp\/wp-content\/uploads\/2025\/01\/image-35-4.jpg\" alt=\"\" width=\"750\" height=\"429\" \/><\/p>\n<p>Aktori i mir\u00ebnjohur dhe ish-banori i k\u00ebtij edicioni, u eliminua t\u00eb mart\u00ebn duke p\u00ebrfunduar k\u00ebshtu rrug\u00ebtimin e tij n\u00eb Big Brother.<\/p>\n<p>Ai b\u00ebri nj\u00eb analiz\u00eb m\u00eb t\u00eb holl\u00ebsishme rreth strategjis\u00eb s\u00eb tij brenda sht\u00ebpis\u00eb, loj\u00ebs s\u00eb banor\u00ebve dhe p\u00ebr t\u00eb dh\u00ebn\u00eb mendimin p\u00ebr videot m\u00eb t\u00eb spikatura gjat\u00eb 24 or\u00ebve t\u00eb fundit n\u00eb sht\u00ebpin\u00eb e BBV.<\/p>\n<p>N\u00eb sht\u00ebpi, ai u njoh p\u00ebr dinamikat q\u00eb krijoi me momente t\u00eb bukura, por edhe me debate e p\u00ebrplasje t\u00eb forta. Nj\u00eb nd\u00ebr to dhe m\u00eb i komentuari ishte mes tij dhe Laertit, e cila mori p\u00ebrmasa mjaft t\u00eb m\u00ebdha gjat\u00eb dit\u00ebve t\u00eb fundit. I pyetur dje nga Arbri n\u00eb Prime pas daljes s\u00eb tij, Gerti tha se Laerti duhet ta fitoj\u00eb Big Brother-in. Vazhdon ai t\u00eb mendoj\u00eb t\u00eb nj\u00ebjt\u00ebn gj\u00eb?<\/p>\n<p>Ishte nj\u00eb impresion i imi dhe ishte me t\u00eb v\u00ebrtet\u00eb nj\u00eb bindje aty kur dola. Un\u00eb tani e kuptoj q\u00eb me Laertin e kam dhje*\u00eb i\u00e7ik tani, por ishte momenti. Na mori na vuri p\u00ebrpara t\u00eb dyve. Edhe ai mund t\u00eb ishte pak m\u00eb i matur se \u00ebsht\u00eb 10 vjet m\u00eb i madh dhe t\u00eb thoshte \u2018Gert, hajde k\u00ebtu se po gabon\u2019. Nuk e b\u00ebri k\u00ebt\u00eb gj\u00eb. Pra le t\u00eb themi, pra e ndjeva deri diku q\u00eb e kam menderos me Laertin, por i q\u00ebndroj gj\u00ebrave sipas llojit time. Prisja edhe nga Laerti di\u00e7ka t\u00eb till\u00eb, q\u00eb t\u00eb b\u00ebnte nj\u00eb hap mbrapa edhe Laerti. T\u00eb m\u00eb b\u00ebhej nj\u00eb ftes\u00eb. Ndoshta do shkoja edhe un\u00eb si m\u00eb i vog\u00ebl tek Laerti.<\/p>\n<p>N\u00eb k\u00ebt\u00eb intervist\u00eb, Gerti shprehu pendes\u00eb dhe deklaroi q\u00eb e kaloi pak kufirin me t\u00eb n\u00eb k\u00ebt\u00eb debat. P\u00ebrve\u00e7 se debateve, cilin prej banor\u00ebve ai do ta takoj\u00eb edhe jasht\u00eb dhe do t\u00eb mbaj\u00eb shoq\u00ebri?<\/p>\n<p>Shoq\u00ebri nuk do t\u00eb vazhdoj me Bernardin, por me Bernardin kam pasur nj\u00eb moment t\u00eb bukur p\u00ebr t\u00eb cilin do ta them. Un\u00eb, Bernardi, Klajdi, Laerti mor\u00ebm birrat, filluam t\u00eb pinim dhe Bernardi u shkri dhe kishte nj\u00eb humor e b\u00ebm\u00eb hedhje batutash t\u00eb jasht\u00ebzakonshme. Mos t\u00eb mjaftonte kjo, shkuam p\u00ebr t\u2019u shtrir\u00eb t\u00eb gjith\u00eb dhe ju desh\u00ebn 6 minuta p\u00ebr t\u00eb veshur bluzen. E kapi ashtu. Nuk e ke iden\u00eb. Aty ishte e bukura q\u00eb ta vishte bluzen vet\u00eb. Me lot kemi qeshur. 6 burra me lot. U shtrim\u00eb dhe nuk mundesha dot m\u00eb.<\/p>\n<div id=\"blogs-2584180261\" class=\"blogs-after-content blogs-entity-placement\"><div id=\"div-gpt-ad-1770230601260-0\" style=\"width:300px; height:600px;\"><\/div><\/div><div id=\"blogs-816742863\" class=\"blogs-adsense-after-kontent blogs-entity-placement\"><script async src=\"https:\/\/pagead2.googlesyndication.com\/pagead\/js\/adsbygoogle.js\"\r\n     crossorigin=\"anonymous\"><\/script>\r\n<!-- Tiranaread -->\r\n<ins class=\"adsbygoogle\"\r\n     style=\"display:inline-block;width:728px;height:90px\"\r\n     data-ad-client=\"ca-pub-2355142065052501\"\r\n\t data-page-url=\"https:\/\/blogseyir.com\"\r\n     data-ad-slot=\"7464751963\"><\/ins>\r\n<script>\r\n     (adsbygoogle = window.adsbygoogle || []).push({});\r\n<\/script><\/div>","protected":false},"excerpt":{"rendered":"<p>Iftuar n\u00eb \u201cBig Brother Radio\u201d me Elona Duro ka qen\u00eb Gerti Ferra. &nbsp; Aktori i mir\u00ebnjohur dhe ish-banori i k\u00ebtij edicioni, u eliminua t\u00eb mart\u00ebn duke p\u00ebrfunduar k\u00ebshtu rrug\u00ebtimin e tij n\u00eb Big Brother. Ai b\u00ebri nj\u00eb analiz\u00eb m\u00eb t\u00eb holl\u00ebsishme rreth strategjis\u00eb s\u00eb tij brenda sht\u00ebpis\u00eb, loj\u00ebs s\u00eb banor\u00ebve dhe p\u00ebr t\u00eb dh\u00ebn\u00eb mendimin [&hellip;]<\/p>\n","protected":false},"author":1,"featured_media":9094,"comment_status":"open","ping_status":"closed","sticky":false,"template":"","format":"standard","meta":{"footnotes":""},"categories":[34],"tags":[],"class_list":["post-9095","post","type-post","status-publish","format-standard","has-post-thumbnail","hentry","category-tvshow"],"_links":{"self":[{"href":"https:\/\/blogseyir.com\/wp\/wp-json\/wp\/v2\/posts\/9095","targetHints":{"allow":["GET"]}}],"collection":[{"href":"https:\/\/blogseyir.com\/wp\/wp-json\/wp\/v2\/posts"}],"about":[{"href":"https:\/\/blogseyir.com\/wp\/wp-json\/wp\/v2\/types\/post"}],"author":[{"embeddable":true,"href":"https:\/\/blogseyir.com\/wp\/wp-json\/wp\/v2\/users\/1"}],"replies":[{"embeddable":true,"href":"https:\/\/blogseyir.com\/wp\/wp-json\/wp\/v2\/comments?post=9095"}],"version-history":[{"count":1,"href":"https:\/\/blogseyir.com\/wp\/wp-json\/wp\/v2\/posts\/9095\/revisions"}],"predecessor-version":[{"id":9096,"href":"https:\/\/blogseyir.com\/wp\/wp-json\/wp\/v2\/posts\/9095\/revisions\/9096"}],"wp:featuredmedia":[{"embeddable":true,"href":"https:\/\/blogseyir.com\/wp\/wp-json\/wp\/v2\/media\/9094"}],"wp:attachment":[{"href":"https:\/\/blogseyir.com\/wp\/wp-json\/wp\/v2\/media?parent=9095"}],"wp:term":[{"taxonomy":"category","embeddable":true,"href":"https:\/\/blogseyir.com\/wp\/wp-json\/wp\/v2\/categories?post=9095"},{"taxonomy":"post_tag","embeddable":true,"href":"https:\/\/blogseyir.com\/wp\/wp-json\/wp\/v2\/tags?post=9095"}],"curies":[{"name":"wp","href":"https:\/\/api.w.org\/{rel}","templated":true}]}}