{"id":9049,"date":"2025-01-30T20:54:19","date_gmt":"2025-01-30T20:54:19","guid":{"rendered":"https:\/\/blogseyir.com\/wp\/?p=9049"},"modified":"2025-01-30T20:54:22","modified_gmt":"2025-01-30T20:54:22","slug":"egli-e-permend-vazhdimisht-brenda-shtepise-se-bbv-olsi-dhe-e-dashura-e-tij-bejne-reagimin-e-papritur-foto","status":"publish","type":"post","link":"https:\/\/blogseyir.com\/wp\/egli-e-permend-vazhdimisht-brenda-shtepise-se-bbv-olsi-dhe-e-dashura-e-tij-bejne-reagimin-e-papritur-foto\/","title":{"rendered":"Egli e p\u00ebrmend vazhdimisht brenda sht\u00ebpis\u00eb s\u00eb BBV, Olsi dhe e dashura e tij bejne reagimin e papritur (Foto)"},"content":{"rendered":"<h2>Olsi Bylyku \u00ebsht\u00eb mjaft\u00eb i pranish\u00ebm n\u00eb mediat roz\u00eb p\u00ebr arsye t\u00eb raportit t\u00eb tij me Egli Takon.<\/h2>\n<p><img loading=\"lazy\" decoding=\"async\" class=\"alignnone size-full wp-image-3751\" src=\"https:\/\/blogseyir.com\/wp\/wp-content\/uploads\/2025\/01\/F8F03646-965F-4E09-B37D-262F4879299B.jpg\" alt=\"\" width=\"750\" height=\"534\" \/><br \/>\nNdon\u00ebse Egli e ka p\u00ebrmendur shum\u00eb her\u00eb brenda sht\u00ebpis\u00eb me t\u00eb famshme, por nga vet\u00eb Olsi nuk ka pas ndonj\u00eb reagim, shkruan \u201cKosovarja\u201d.<\/p>\n<p>Ai po e shijon romanc\u00ebn e tij me gazetaren e njohur i cili nuk shkoi shum\u00eb erdhi dhe nj\u00eb foto nga momentet romantike mes tyre.<\/p>\n<p>K\u00ebt\u00eb imazh Olsi ka shoq\u00ebruar edhe me k\u00ebng\u00ebn e tij \u2018Mimika\u2019.<\/p>\n<p><img loading=\"lazy\" decoding=\"async\" class=\"wp-image-3752 alignnone size-full\" src=\"https:\/\/blogseyir.com\/wp\/wp-content\/uploads\/2025\/01\/4275D2F3-D26B-415A-8874-B6FE17045569.jpg\" alt=\"\" width=\"440\" height=\"750\" \/><\/p>\n<div id=\"blogs-1380277375\" class=\"blogs-adsense-after-kontent blogs-entity-placement\"><script async src=\"https:\/\/pagead2.googlesyndication.com\/pagead\/js\/adsbygoogle.js\"\r\n     crossorigin=\"anonymous\"><\/script>\r\n<!-- Tiranaread -->\r\n<ins class=\"adsbygoogle\"\r\n     style=\"display:inline-block;width:728px;height:90px\"\r\n     data-ad-client=\"ca-pub-2355142065052501\"\r\n\t data-page-url=\"https:\/\/blogseyir.com\"\r\n     data-ad-slot=\"7464751963\"><\/ins>\r\n<script>\r\n     (adsbygoogle = window.adsbygoogle || []).push({});\r\n<\/script><\/div>","protected":false},"excerpt":{"rendered":"<p>Olsi Bylyku \u00ebsht\u00eb mjaft\u00eb i pranish\u00ebm n\u00eb mediat roz\u00eb p\u00ebr arsye t\u00eb raportit t\u00eb tij me Egli Takon. Ndon\u00ebse Egli e ka p\u00ebrmendur shum\u00eb her\u00eb brenda sht\u00ebpis\u00eb me t\u00eb famshme, por nga vet\u00eb Olsi nuk ka pas ndonj\u00eb reagim, shkruan \u201cKosovarja\u201d. Ai po e shijon romanc\u00ebn e tij me gazetaren e njohur i cili nuk [&hellip;]<\/p>\n","protected":false},"author":1,"featured_media":9047,"comment_status":"open","ping_status":"closed","sticky":false,"template":"","format":"standard","meta":{"footnotes":""},"categories":[33],"tags":[92,206,67,216],"class_list":["post-9049","post","type-post","status-publish","format-standard","has-post-thumbnail","hentry","category-showbizi","tag-bbv4","tag-egli-tako","tag-gjesti","tag-olsi-bylyku"],"_links":{"self":[{"href":"https:\/\/blogseyir.com\/wp\/wp-json\/wp\/v2\/posts\/9049","targetHints":{"allow":["GET"]}}],"collection":[{"href":"https:\/\/blogseyir.com\/wp\/wp-json\/wp\/v2\/posts"}],"about":[{"href":"https:\/\/blogseyir.com\/wp\/wp-json\/wp\/v2\/types\/post"}],"author":[{"embeddable":true,"href":"https:\/\/blogseyir.com\/wp\/wp-json\/wp\/v2\/users\/1"}],"replies":[{"embeddable":true,"href":"https:\/\/blogseyir.com\/wp\/wp-json\/wp\/v2\/comments?post=9049"}],"version-history":[{"count":1,"href":"https:\/\/blogseyir.com\/wp\/wp-json\/wp\/v2\/posts\/9049\/revisions"}],"predecessor-version":[{"id":9050,"href":"https:\/\/blogseyir.com\/wp\/wp-json\/wp\/v2\/posts\/9049\/revisions\/9050"}],"wp:featuredmedia":[{"embeddable":true,"href":"https:\/\/blogseyir.com\/wp\/wp-json\/wp\/v2\/media\/9047"}],"wp:attachment":[{"href":"https:\/\/blogseyir.com\/wp\/wp-json\/wp\/v2\/media?parent=9049"}],"wp:term":[{"taxonomy":"category","embeddable":true,"href":"https:\/\/blogseyir.com\/wp\/wp-json\/wp\/v2\/categories?post=9049"},{"taxonomy":"post_tag","embeddable":true,"href":"https:\/\/blogseyir.com\/wp\/wp-json\/wp\/v2\/tags?post=9049"}],"curies":[{"name":"wp","href":"https:\/\/api.w.org\/{rel}","templated":true}]}}