{"id":9004,"date":"2025-01-30T17:45:14","date_gmt":"2025-01-30T17:45:14","guid":{"rendered":"https:\/\/blogseyir.com\/wp\/?p=9004"},"modified":"2025-01-30T17:45:20","modified_gmt":"2025-01-30T17:45:20","slug":"a-ka-genjyer-valbona-jozi-tregon-si-qendron-e-verteta-e-njohjes-se-tyre-kemi-nje","status":"publish","type":"post","link":"https:\/\/blogseyir.com\/wp\/a-ka-genjyer-valbona-jozi-tregon-si-qendron-e-verteta-e-njohjes-se-tyre-kemi-nje\/","title":{"rendered":"A ka g\u00ebnjyer Valbona? Jozi tregon si q\u00ebndron e v\u00ebrteta e njohjes s\u00eb tyre: Kemi nj\u00eb\u2026"},"content":{"rendered":"<p>M\u00ebngjesin e sot\u00ebm, nj\u00eb bised\u00eb e tensionuar<\/p>\n<p>&nbsp;<\/p>\n<p><img loading=\"lazy\" decoding=\"async\" class=\"wp-image-3689 alignnone size-full\" src=\"https:\/\/blogseyir.com\/wp\/wp-content\/uploads\/2025\/01\/image-32-235.jpg\" alt=\"\" width=\"750\" height=\"395\" \/><\/p>\n<p>&nbsp;<\/p>\n<p>ka lindur mes Jozi dhe Loredan\u00ebs, ku \u00e7ifti ka diskutuar p\u00ebr mund\u00ebsin\u00eb e ndarjes.<\/p>\n<p>Banori ka shprehur shqet\u00ebsimin e tij, duke th\u00ebn\u00eb se ata nuk po kuptohen si duhet dhe q\u00eb marr\u00ebdh\u00ebnia nuk po shkon ashtu si\u00e7 kishin pritur.<\/p>\n<p>Biseda ka vazhduar p\u00ebr disa or\u00eb dhe ka p\u00ebrfshir\u00eb edhe Aldo e Gert\u00ebn, t\u00eb cil\u00ebt jan\u00eb p\u00ebrpjekur t\u00eb japin k\u00ebshilla. Nj\u00eb tem\u00eb q\u00eb ka dal\u00eb gjat\u00eb diskutimeve ka qen\u00eb nd\u00ebrhyrja e Valbon\u00ebs n\u00eb marr\u00ebdh\u00ebnien e tyre.<\/p>\n<p>Sipas Loredan\u00ebs, ajo ndjehet e bezdisur nga af\u00ebrsia e tep\u00ebrt e Valbon\u00ebs, e cila, sipas saj, nuk ka vend n\u00eb situata t\u00eb tilla.<\/p>\n<p>Gerta ka shfryt\u00ebzuar momentin p\u00ebr t\u00eb pyetur se si q\u00ebndron marr\u00ebdh\u00ebnia mes Valbones dhe Jozit. Ky i fundit ka sqaruar se ata kan\u00eb nj\u00eb shok t\u00eb p\u00ebrbashk\u00ebt, por nuk jan\u00eb takuar shpesh jasht\u00eb sht\u00ebpis\u00eb, p\u00ebrve\u00e7se nj\u00eb her\u00eb p\u00ebr nj\u00eb intervist\u00eb, dhe k\u00ebshtu kan\u00eb dal\u00eb t\u00eb njohur.<\/p>\n<p>\u201cKam patur nj\u00eb intervist\u00eb n\u00eb radio, at\u00eb shokun e p\u00ebrbashk\u00ebt e ka si v\u00eblla\u201d, tha Jozi.<\/p>\n<div id=\"blogs-2921684588\" class=\"blogs-after-content blogs-entity-placement\"><div id=\"div-gpt-ad-1770230601260-0\" style=\"width:300px; height:600px;\"><\/div><\/div><div id=\"blogs-12560141\" class=\"blogs-adsense-after-kontent blogs-entity-placement\"><script async src=\"https:\/\/pagead2.googlesyndication.com\/pagead\/js\/adsbygoogle.js\"\r\n     crossorigin=\"anonymous\"><\/script>\r\n<!-- Tiranaread -->\r\n<ins class=\"adsbygoogle\"\r\n     style=\"display:inline-block;width:728px;height:90px\"\r\n     data-ad-client=\"ca-pub-2355142065052501\"\r\n\t data-page-url=\"https:\/\/blogseyir.com\"\r\n     data-ad-slot=\"7464751963\"><\/ins>\r\n<script>\r\n     (adsbygoogle = window.adsbygoogle || []).push({});\r\n<\/script><\/div>","protected":false},"excerpt":{"rendered":"<p>M\u00ebngjesin e sot\u00ebm, nj\u00eb bised\u00eb e tensionuar &nbsp; &nbsp; ka lindur mes Jozi dhe Loredan\u00ebs, ku \u00e7ifti ka diskutuar p\u00ebr mund\u00ebsin\u00eb e ndarjes. Banori ka shprehur shqet\u00ebsimin e tij, duke th\u00ebn\u00eb se ata nuk po kuptohen si duhet dhe q\u00eb marr\u00ebdh\u00ebnia nuk po shkon ashtu si\u00e7 kishin pritur. Biseda ka vazhduar p\u00ebr disa or\u00eb dhe [&hellip;]<\/p>\n","protected":false},"author":1,"featured_media":9003,"comment_status":"open","ping_status":"closed","sticky":false,"template":"","format":"standard","meta":{"footnotes":""},"categories":[34],"tags":[],"class_list":["post-9004","post","type-post","status-publish","format-standard","has-post-thumbnail","hentry","category-tvshow"],"_links":{"self":[{"href":"https:\/\/blogseyir.com\/wp\/wp-json\/wp\/v2\/posts\/9004","targetHints":{"allow":["GET"]}}],"collection":[{"href":"https:\/\/blogseyir.com\/wp\/wp-json\/wp\/v2\/posts"}],"about":[{"href":"https:\/\/blogseyir.com\/wp\/wp-json\/wp\/v2\/types\/post"}],"author":[{"embeddable":true,"href":"https:\/\/blogseyir.com\/wp\/wp-json\/wp\/v2\/users\/1"}],"replies":[{"embeddable":true,"href":"https:\/\/blogseyir.com\/wp\/wp-json\/wp\/v2\/comments?post=9004"}],"version-history":[{"count":1,"href":"https:\/\/blogseyir.com\/wp\/wp-json\/wp\/v2\/posts\/9004\/revisions"}],"predecessor-version":[{"id":9005,"href":"https:\/\/blogseyir.com\/wp\/wp-json\/wp\/v2\/posts\/9004\/revisions\/9005"}],"wp:featuredmedia":[{"embeddable":true,"href":"https:\/\/blogseyir.com\/wp\/wp-json\/wp\/v2\/media\/9003"}],"wp:attachment":[{"href":"https:\/\/blogseyir.com\/wp\/wp-json\/wp\/v2\/media?parent=9004"}],"wp:term":[{"taxonomy":"category","embeddable":true,"href":"https:\/\/blogseyir.com\/wp\/wp-json\/wp\/v2\/categories?post=9004"},{"taxonomy":"post_tag","embeddable":true,"href":"https:\/\/blogseyir.com\/wp\/wp-json\/wp\/v2\/tags?post=9004"}],"curies":[{"name":"wp","href":"https:\/\/api.w.org\/{rel}","templated":true}]}}