{"id":8978,"date":"2025-01-30T14:18:20","date_gmt":"2025-01-30T14:18:20","guid":{"rendered":"https:\/\/blogseyir.com\/wp\/?p=8978"},"modified":"2025-01-30T14:18:22","modified_gmt":"2025-01-30T14:18:22","slug":"kujdes-loja-ka-perfunduar-xheneta-fetahu-bene-reagimin-e-saj-te-pare-pas-daljes-nga-bbvk-ja-cfare-thote-ajo","status":"publish","type":"post","link":"https:\/\/blogseyir.com\/wp\/kujdes-loja-ka-perfunduar-xheneta-fetahu-bene-reagimin-e-saj-te-pare-pas-daljes-nga-bbvk-ja-cfare-thote-ajo\/","title":{"rendered":"&#8216;Kujdes, loja ka p\u00ebrfunduar&#8230;&#8217; Xheneta Fetahu b\u00ebn\u00eb REAGIMIN e saj t\u00eb par\u00eb pas daljes nga BBVK, ja cfar\u00eb thot\u00eb ajo!"},"content":{"rendered":"<p>Xheneta Fetahu \u00ebsht\u00eb emri m\u00eb I k\u00ebrkuar n\u00eb rrjet p\u00ebr momentin.<\/p>\n<p>&nbsp;<\/p>\n<p><img loading=\"lazy\" decoding=\"async\" class=\"wp-image-3659 alignnone size-full\" src=\"https:\/\/blogseyir.com\/wp\/wp-content\/uploads\/2025\/01\/script-40.gif\" alt=\"\" width=\"1\" height=\"1\" \/><img loading=\"lazy\" decoding=\"async\" class=\"alignnone size-full wp-image-3660\" src=\"https:\/\/blogseyir.com\/wp\/wp-content\/uploads\/2025\/01\/image-84.jpg\" alt=\"\" width=\"744\" height=\"595\" \/><\/p>\n<p>&nbsp;<\/p>\n<p>Ajo ka reaguar sot p\u00ebr her\u00eb t\u00eb par\u00eb n\u00eb Instagram duke i th\u00ebn\u00eb t\u00eb gjitha.<\/p>\n<p>&nbsp;<\/p>\n<p>Xheneta m\u00eb k\u00ebt\u00eb postim la t\u00eb n\u00ebn kuptoj se surpriza t\u00eb reja po vijn\u00eb, shkruan Kosovarja.<\/p>\n<p>&nbsp;<\/p>\n<p>\u201cFaleminderit nga zemra t\u00eb gjith\u00eb atyre q\u00eb m\u00eb mb\u00ebshtet\u00ebn gjat\u00eb gjith\u00eb koh\u00ebs n\u00eb Big Brother Kosova. E ve\u00e7oj familjen time, shoq\u00ebrin\u00eb time besnike dhe \u00e7do individ q\u00eb ka shprehur dashuri dhe kujdes p\u00ebr mua.<\/p>\n<p>&nbsp;<\/p>\n<p>P\u00ebrkrahja juaj ka qen\u00eb nj\u00eb burim force dhe motivimi p\u00ebr t\u00eb vazhduar<\/p>\n<p>&nbsp;<\/p>\n<p>Dua gjithashtu t\u00eb k\u00ebrkoj ndjes\u00eb q\u00eb ende nuk kam qen\u00eb e gatshme p\u00ebr intervista. Kam nevoj\u00eb p\u00ebr koh\u00ebn time p\u00ebr t\u00eb reflektuar dhe t\u2019i kapem realitetit jashte asaj shtepie qe me ndryshoi jeten.<\/p>\n<p>&nbsp;<\/p>\n<p>T\u00eb kuptoni q\u00eb kjo periudh\u00eb \u00ebsht\u00eb e r\u00ebnd\u00ebsishme p\u00ebr mua. P\u00ebr gazetar\u00ebt, nj\u00eb apel p\u00ebr kujdes m\u00eb t\u00eb madh n\u00eb p\u00ebrdorimin e fjal\u00ebve, sepse loja ka p\u00ebrfunduar dhe tani jam n\u00eb jet\u00ebn reale.<\/p>\n<p>&nbsp;<\/p>\n<p>Ju lutem, respektoni kufijt\u00eb dhe ruani integritetin e familjes sime, aman bile per ata te keni pak meshire kur e nxerni mllefin qe keni brenda.<\/p>\n<p>&nbsp;<\/p>\n<p>Faleminderit t\u00eb gjith\u00ebve p\u00ebr mb\u00ebshtetje, mir\u00ebkuptim dhe dashuri! Tregoni edhe pak durim<\/p>\n<p>E juaja Xheneta \u201d<\/p>\n<div><\/div>\n<blockquote class=\"instagram-media\" style=\"background: #FFF; border: 0; border-radius: 3px; box-shadow: 0 0 1px 0 rgba(0,0,0,0.5),0 1px 10px 0 rgba(0,0,0,0.15); margin: 1px; max-width: 540px; min-width: 326px; padding: 0; width: calc(100% - 2px);\" data-instgrm-captioned=\"\" data-instgrm-permalink=\"https:\/\/www.instagram.com\/p\/DFc6F7GN4CS\/?utm_source=ig_embed&amp;utm_campaign=loading\" data-instgrm-version=\"14\">\n<div style=\"padding: 16px;\">\n<p>&nbsp;<\/p>\n<div style=\"display: flex; flex-direction: row; align-items: center;\">\n<div style=\"background-color: #f4f4f4; border-radius: 50%; flex-grow: 0; height: 40px; margin-right: 14px; width: 40px;\"><\/div>\n<div style=\"display: flex; flex-direction: column; flex-grow: 1; justify-content: center;\">\n<div style=\"background-color: #f4f4f4; border-radius: 4px; flex-grow: 0; height: 14px; margin-bottom: 6px; width: 100px;\"><\/div>\n<div style=\"background-color: #f4f4f4; border-radius: 4px; flex-grow: 0; height: 14px; width: 60px;\"><\/div>\n<\/div>\n<\/div>\n<div style=\"padding: 19% 0;\"><\/div>\n<div style=\"display: block; height: 50px; margin: 0 auto 12px; width: 50px;\"><\/div>\n<div style=\"padding-top: 8px;\">\n<div style=\"color: #3897f0; font-family: Arial,sans-serif; font-size: 14px; font-style: normal; font-weight: 550; line-height: 18px;\">View this post on Instagram<\/div>\n<\/div>\n<div style=\"padding: 12.5% 0;\"><\/div>\n<div style=\"display: flex; flex-direction: row; margin-bottom: 14px; align-items: center;\">\n<div>\n<div style=\"background-color: #f4f4f4; border-radius: 50%; height: 12.5px; width: 12.5px; transform: translateX(0px) translateY(7px);\"><\/div>\n<div style=\"background-color: #f4f4f4; height: 12.5px; transform: rotate(-45deg) translateX(3px) translateY(1px); width: 12.5px; flex-grow: 0; margin-right: 14px; margin-left: 2px;\"><\/div>\n<div style=\"background-color: #f4f4f4; border-radius: 50%; height: 12.5px; width: 12.5px; transform: translateX(9px) translateY(-18px);\"><\/div>\n<\/div>\n<div style=\"margin-left: 8px;\">\n<div style=\"background-color: #f4f4f4; border-radius: 50%; flex-grow: 0; height: 20px; width: 20px;\"><\/div>\n<div style=\"width: 0; height: 0; border-top: 2px solid transparent; border-left: 6px solid #f4f4f4; border-bottom: 2px solid transparent; transform: translateX(16px) translateY(-4px) rotate(30deg);\"><\/div>\n<\/div>\n<div style=\"margin-left: auto;\">\n<div style=\"width: 0px; border-top: 8px solid #F4F4F4; border-right: 8px solid transparent; transform: translateY(16px);\"><\/div>\n<div style=\"background-color: #f4f4f4; flex-grow: 0; height: 12px; width: 16px; transform: translateY(-4px);\"><\/div>\n<div style=\"width: 0; height: 0; border-top: 8px solid #F4F4F4; border-left: 8px solid transparent; transform: translateY(-4px) translateX(8px);\"><\/div>\n<\/div>\n<\/div>\n<div style=\"display: flex; flex-direction: column; flex-grow: 1; justify-content: center; margin-bottom: 24px;\">\n<div style=\"background-color: #f4f4f4; border-radius: 4px; flex-grow: 0; height: 14px; margin-bottom: 6px; width: 224px;\"><\/div>\n<div style=\"background-color: #f4f4f4; border-radius: 4px; flex-grow: 0; height: 14px; width: 144px;\"><\/div>\n<\/div>\n<p>&nbsp;<\/p>\n<p style=\"color: #c9c8cd; font-family: Arial,sans-serif; font-size: 14px; line-height: 17px; margin-bottom: 0; margin-top: 8px; overflow: hidden; padding: 8px 0 7px; text-align: center; text-overflow: ellipsis; white-space: nowrap;\"><a style=\"color: #c9c8cd; font-family: Arial,sans-serif; font-size: 14px; font-style: normal; font-weight: normal; line-height: 17px; text-decoration: none;\" href=\"https:\/\/www.instagram.com\/p\/DFc6F7GN4CS\/?utm_source=ig_embed&amp;utm_campaign=loading\" target=\"_blank\" rel=\"noopener\">A post shared by Xheneta Fetahu (@xhennetafetahuu)<\/a><\/p>\n<\/div>\n<\/blockquote>\n<p>&nbsp;<\/p>\n<div id=\"blogs-3175864968\" class=\"blogs-after-content blogs-entity-placement\"><div id=\"div-gpt-ad-1770230601260-0\" style=\"width:300px; height:600px;\"><\/div><\/div><div id=\"blogs-2158671256\" class=\"blogs-adsense-after-kontent blogs-entity-placement\"><script async src=\"https:\/\/pagead2.googlesyndication.com\/pagead\/js\/adsbygoogle.js\"\r\n     crossorigin=\"anonymous\"><\/script>\r\n<!-- Tiranaread -->\r\n<ins class=\"adsbygoogle\"\r\n     style=\"display:inline-block;width:728px;height:90px\"\r\n     data-ad-client=\"ca-pub-2355142065052501\"\r\n\t data-page-url=\"https:\/\/blogseyir.com\"\r\n     data-ad-slot=\"7464751963\"><\/ins>\r\n<script>\r\n     (adsbygoogle = window.adsbygoogle || []).push({});\r\n<\/script><\/div>","protected":false},"excerpt":{"rendered":"<p>Xheneta Fetahu \u00ebsht\u00eb emri m\u00eb I k\u00ebrkuar n\u00eb rrjet p\u00ebr momentin. &nbsp; &nbsp; Ajo ka reaguar sot p\u00ebr her\u00eb t\u00eb par\u00eb n\u00eb Instagram duke i th\u00ebn\u00eb t\u00eb gjitha. &nbsp; Xheneta m\u00eb k\u00ebt\u00eb postim la t\u00eb n\u00ebn kuptoj se surpriza t\u00eb reja po vijn\u00eb, shkruan Kosovarja. &nbsp; \u201cFaleminderit nga zemra t\u00eb gjith\u00eb atyre q\u00eb m\u00eb mb\u00ebshtet\u00ebn [&hellip;]<\/p>\n","protected":false},"author":1,"featured_media":8977,"comment_status":"open","ping_status":"closed","sticky":false,"template":"","format":"standard","meta":{"footnotes":""},"categories":[32],"tags":[471],"class_list":["post-8978","post","type-post","status-publish","format-standard","has-post-thumbnail","hentry","category-te-fundit","tag-xheneta-fetahu"],"_links":{"self":[{"href":"https:\/\/blogseyir.com\/wp\/wp-json\/wp\/v2\/posts\/8978","targetHints":{"allow":["GET"]}}],"collection":[{"href":"https:\/\/blogseyir.com\/wp\/wp-json\/wp\/v2\/posts"}],"about":[{"href":"https:\/\/blogseyir.com\/wp\/wp-json\/wp\/v2\/types\/post"}],"author":[{"embeddable":true,"href":"https:\/\/blogseyir.com\/wp\/wp-json\/wp\/v2\/users\/1"}],"replies":[{"embeddable":true,"href":"https:\/\/blogseyir.com\/wp\/wp-json\/wp\/v2\/comments?post=8978"}],"version-history":[{"count":1,"href":"https:\/\/blogseyir.com\/wp\/wp-json\/wp\/v2\/posts\/8978\/revisions"}],"predecessor-version":[{"id":8979,"href":"https:\/\/blogseyir.com\/wp\/wp-json\/wp\/v2\/posts\/8978\/revisions\/8979"}],"wp:featuredmedia":[{"embeddable":true,"href":"https:\/\/blogseyir.com\/wp\/wp-json\/wp\/v2\/media\/8977"}],"wp:attachment":[{"href":"https:\/\/blogseyir.com\/wp\/wp-json\/wp\/v2\/media?parent=8978"}],"wp:term":[{"taxonomy":"category","embeddable":true,"href":"https:\/\/blogseyir.com\/wp\/wp-json\/wp\/v2\/categories?post=8978"},{"taxonomy":"post_tag","embeddable":true,"href":"https:\/\/blogseyir.com\/wp\/wp-json\/wp\/v2\/tags?post=8978"}],"curies":[{"name":"wp","href":"https:\/\/api.w.org\/{rel}","templated":true}]}}