{"id":8834,"date":"2025-01-29T12:10:40","date_gmt":"2025-01-29T12:10:40","guid":{"rendered":"https:\/\/blogseyir.com\/wp\/?p=8834"},"modified":"2025-01-29T12:10:43","modified_gmt":"2025-01-29T12:10:43","slug":"cfare-trishitimi-i-madh-humb-jeten-gazetari-i-njohur-ne-milano-u-aksidentua-me-motor","status":"publish","type":"post","link":"https:\/\/blogseyir.com\/wp\/cfare-trishitimi-i-madh-humb-jeten-gazetari-i-njohur-ne-milano-u-aksidentua-me-motor\/","title":{"rendered":"Cfar\u00eb trishitimi i madh! Humb jet\u00ebn gazetari i njohur n\u00eb Milano, u aksidentua me motor!"},"content":{"rendered":"<p>Nj\u00eb aksident i r\u00ebnd\u00eb ka ndodhur n\u00eb Milano, pak pas mesnate, p\u00ebrgjat\u00eb A51, pran\u00eb Cologno Sud. Sipas medieve t\u00eb huaja, viktima e aksidentit \u00ebsht\u00eb identifikuar si Fabio Postiglione, nj\u00eb gazetar napolitan, 44-vje\u00e7ar.<\/p>\n<p>&nbsp;<\/p>\n<p><img loading=\"lazy\" decoding=\"async\" class=\"wp-image-3521 alignnone size-full\" src=\"https:\/\/blogseyir.com\/wp\/wp-content\/uploads\/2025\/01\/image-32-202.jpg\" alt=\"\" width=\"750\" height=\"521\" \/><\/p>\n<p>Postiglione do t\u00eb kishte humbur kontrollin e moto\u00e7iklet\u00ebs s\u00eb tij, duke p\u00ebrfunduar n\u00eb an\u00eb t\u00eb rrug\u00ebs dhe gjendja e tij<\/p>\n<p>u shfaq menj\u00ebher\u00eb kritike, q\u00eb n\u00eb momentin q\u00eb u shtrua n\u00eb spitalin San Raffaele. Punonj\u00ebsit e sh\u00ebndet\u00ebsis\u00eb nd\u00ebrhyn\u00eb n\u00eb vendngjarje, por nuk mund t\u00eb b\u00ebhej asgj\u00eb p\u00ebr gazetarin napolitan. Ai nd\u00ebrroi jet\u00eb pak pasi mb\u00ebrriti n\u00eb spitalin, raportojn\u00eb mediat italiane.<\/p>\n<p>&nbsp;<\/p>\n<p><img loading=\"lazy\" decoding=\"async\" class=\"wp-image-3520 alignnone size-full\" src=\"https:\/\/blogseyir.com\/wp\/wp-content\/uploads\/2025\/01\/image-32-201.jpg\" alt=\"\" width=\"645\" height=\"516\" \/><\/p>\n<p>Dinamika dhe shkaqet e aksidentit po po hetohen nga Policia Rrugore italiane. Fabio Postiglione ka punuar q\u00eb nga viti 2020 p\u00ebr Corriere della Sera. Karrier\u00ebn e tij ai e filloi n\u00eb Napoli me gazet\u00ebn Il Roma.<\/p>\n<div id=\"blogs-2057083965\" class=\"blogs-after-content blogs-entity-placement\"><div id=\"div-gpt-ad-1770230601260-0\" style=\"width:300px; height:600px;\"><\/div><\/div><div id=\"blogs-3330080842\" class=\"blogs-adsense-after-kontent blogs-entity-placement\"><script async src=\"https:\/\/pagead2.googlesyndication.com\/pagead\/js\/adsbygoogle.js\"\r\n     crossorigin=\"anonymous\"><\/script>\r\n<!-- Tiranaread -->\r\n<ins class=\"adsbygoogle\"\r\n     style=\"display:inline-block;width:728px;height:90px\"\r\n     data-ad-client=\"ca-pub-2355142065052501\"\r\n\t data-page-url=\"https:\/\/blogseyir.com\"\r\n     data-ad-slot=\"7464751963\"><\/ins>\r\n<script>\r\n     (adsbygoogle = window.adsbygoogle || []).push({});\r\n<\/script><\/div>","protected":false},"excerpt":{"rendered":"<p>Nj\u00eb aksident i r\u00ebnd\u00eb ka ndodhur n\u00eb Milano, pak pas mesnate, p\u00ebrgjat\u00eb A51, pran\u00eb Cologno Sud. Sipas medieve t\u00eb huaja, viktima e aksidentit \u00ebsht\u00eb identifikuar si Fabio Postiglione, nj\u00eb gazetar napolitan, 44-vje\u00e7ar. &nbsp; Postiglione do t\u00eb kishte humbur kontrollin e moto\u00e7iklet\u00ebs s\u00eb tij, duke p\u00ebrfunduar n\u00eb an\u00eb t\u00eb rrug\u00ebs dhe gjendja e tij u shfaq [&hellip;]<\/p>\n","protected":false},"author":1,"featured_media":8832,"comment_status":"open","ping_status":"closed","sticky":false,"template":"","format":"standard","meta":{"footnotes":""},"categories":[32],"tags":[575,368,576,41],"class_list":["post-8834","post","type-post","status-publish","format-standard","has-post-thumbnail","hentry","category-te-fundit","tag-fabio-postiglione","tag-gazetari","tag-milani","tag-vdekje"],"_links":{"self":[{"href":"https:\/\/blogseyir.com\/wp\/wp-json\/wp\/v2\/posts\/8834","targetHints":{"allow":["GET"]}}],"collection":[{"href":"https:\/\/blogseyir.com\/wp\/wp-json\/wp\/v2\/posts"}],"about":[{"href":"https:\/\/blogseyir.com\/wp\/wp-json\/wp\/v2\/types\/post"}],"author":[{"embeddable":true,"href":"https:\/\/blogseyir.com\/wp\/wp-json\/wp\/v2\/users\/1"}],"replies":[{"embeddable":true,"href":"https:\/\/blogseyir.com\/wp\/wp-json\/wp\/v2\/comments?post=8834"}],"version-history":[{"count":1,"href":"https:\/\/blogseyir.com\/wp\/wp-json\/wp\/v2\/posts\/8834\/revisions"}],"predecessor-version":[{"id":8835,"href":"https:\/\/blogseyir.com\/wp\/wp-json\/wp\/v2\/posts\/8834\/revisions\/8835"}],"wp:featuredmedia":[{"embeddable":true,"href":"https:\/\/blogseyir.com\/wp\/wp-json\/wp\/v2\/media\/8832"}],"wp:attachment":[{"href":"https:\/\/blogseyir.com\/wp\/wp-json\/wp\/v2\/media?parent=8834"}],"wp:term":[{"taxonomy":"category","embeddable":true,"href":"https:\/\/blogseyir.com\/wp\/wp-json\/wp\/v2\/categories?post=8834"},{"taxonomy":"post_tag","embeddable":true,"href":"https:\/\/blogseyir.com\/wp\/wp-json\/wp\/v2\/tags?post=8834"}],"curies":[{"name":"wp","href":"https:\/\/api.w.org\/{rel}","templated":true}]}}