{"id":8364,"date":"2025-01-25T09:15:34","date_gmt":"2025-01-25T09:15:34","guid":{"rendered":"https:\/\/blogseyir.com\/wp\/?p=8364"},"modified":"2025-01-25T09:15:36","modified_gmt":"2025-01-25T09:15:36","slug":"moti-pritet-te-bej-kthesen-drastike-rikthehen-reshjet-e-shiut-dhe-te-debores-pas-fundjaves-me-temperatura-te-larta","status":"publish","type":"post","link":"https:\/\/blogseyir.com\/wp\/moti-pritet-te-bej-kthesen-drastike-rikthehen-reshjet-e-shiut-dhe-te-debores-pas-fundjaves-me-temperatura-te-larta\/","title":{"rendered":"Moti pritet t\u00eb b\u00ebj kthes\u00ebn drastike, rikthehen reshjet e shiut dhe t\u00eb d\u00ebbores pas fundjav\u00ebs me temperatura t\u00eb larta!"},"content":{"rendered":"<p>Meteorologia Tanja Porja ka zbuluar n\u00eb \u2018Dita Jon\u00eb\u2019 n\u00eb A2 CNN si do t\u00eb jen\u00eb kushtet e motit gjat\u00eb 5 dit\u00ebve n\u00eb vijim.<\/p>\n<p>&nbsp;<\/p>\n<p><img loading=\"lazy\" decoding=\"async\" class=\"wp-image-3010 alignnone size-full\" src=\"https:\/\/blogseyir.com\/wp\/wp-content\/uploads\/2025\/01\/image-32-89.jpg\" alt=\"\" width=\"750\" height=\"423\" \/><\/p>\n<p>Porja tha se temperaturat gjat\u00eb fundjav\u00ebs do t\u00eb jen\u00eb t\u00eb larta dhe moti do t\u00eb jet\u00eb kryesisht i kthjell\u00ebt, me vran\u00ebsira kalimtare.<\/p>\n<p>Ajo shtoi gjithashtu se java e ardhshme do t\u00eb sjell\u00eb reshje shiu dhe d\u00ebbore, q\u00eb do t\u00eb nisin q\u00eb t\u00eb h\u00ebn\u00ebn pasdite dhe do t\u00eb kulmojn\u00eb t\u00eb m\u00ebrkur\u00ebn, dit\u00eb n\u00eb t\u00eb cil\u00ebn do t\u00eb shtrihen n\u00eb t\u00eb gjith\u00eb territorin.<\/p>\n<p>\u201cPresim sot nj\u00eb maksimum prej 20 grad\u00ebsh n\u00eb rang territori. Nd\u00ebrkoh\u00eb q\u00eb m\u00ebngjesi ka qen\u00eb mjaft m\u00eb i ngroht\u00eb se nj\u00eb dit\u00eb m\u00eb par\u00eb. Do t\u00eb ket\u00eb m\u00eb shum\u00eb kthjellime gjat\u00eb dit\u00ebs s\u00eb sotme. Ndonj\u00eb moment i shkurt\u00ebr me reshje t\u00eb pakta n\u00eb skajin verior dhe at\u00eb veri-per\u00ebndimor, kryesisht n\u00eb zonat kufijtare t\u00eb territorit shqiptar. Nd\u00ebrsa \u00e7far\u00eb na pret n\u00eb vijim. E shtuna dhe e diela nuk sjellin ndryshime t\u00eb theksuara n\u00eb tablon\u00eb sinoptike.<\/p>\n<p>Mbetet moti i kthjell\u00ebt me vran\u00ebsira t\u00eb lehta dhe kalimtare. N\u00eb bregdet ne presim t\u00eb ket\u00eb mot t\u00eb kthjell\u00ebt. Termometri pritet t\u00eb ket\u00eb nj\u00eb rritje t\u00eb leht\u00eb n\u00eb or\u00ebt e m\u00ebngjesit, q\u00ebndrojn\u00eb t\u00eb pandryshuara maksimumet. Sot presim 20 grad\u00eb n\u00eb brigjet e Jonit, nd\u00ebrsa gjat\u00eb dit\u00ebs s\u00eb nes\u00ebrme 20-grad\u00ebshi do t\u00eb jet\u00eb n\u00eb disa nga qytetet e shtrirjes per\u00ebndimore t\u00eb Shqip\u00ebris\u00eb. E nj\u00ebjta situat\u00eb gjat\u00eb mesdit\u00ebs s\u00eb nes\u00ebrme.<\/p>\n<p>E nj\u00ebjta situat\u00eb do t\u00eb jet\u00eb edhe p\u00ebr dit\u00ebn e diel. Nj\u00eb rritje t\u00eb leht\u00eb n\u00eb m\u00ebngjes dhe nj\u00eb r\u00ebnie me rreth nj\u00eb grad\u00eb n\u00eb or\u00ebt e mesdit\u00ebs. E h\u00ebna fillon me vran\u00ebsira dhe kthjellime kalimtare. Vet\u00ebm mbr\u00ebmja do t\u00eb sjell\u00eb reshje shiut. Dita e m\u00ebrkur\u00eb sjell reshje shiu n\u00eb pjes\u00ebn m\u00eb t\u00eb madhe t\u00eb Shqip\u00ebris\u00eb dhe reshje d\u00ebbore n\u00eb zonat malore\u201d, tha meteorologia Porja, shkruan A2 CNN.<\/p>\n<p>&nbsp;<\/p>\n<div id=\"blogs-3798489166\" class=\"blogs-after-content blogs-entity-placement\"><div id=\"div-gpt-ad-1770230601260-0\" style=\"width:300px; height:600px;\"><\/div><\/div><div id=\"blogs-276206583\" class=\"blogs-adsense-after-kontent blogs-entity-placement\"><script async src=\"https:\/\/pagead2.googlesyndication.com\/pagead\/js\/adsbygoogle.js\"\r\n     crossorigin=\"anonymous\"><\/script>\r\n<!-- Tiranaread -->\r\n<ins class=\"adsbygoogle\"\r\n     style=\"display:inline-block;width:728px;height:90px\"\r\n     data-ad-client=\"ca-pub-2355142065052501\"\r\n\t data-page-url=\"https:\/\/blogseyir.com\"\r\n     data-ad-slot=\"7464751963\"><\/ins>\r\n<script>\r\n     (adsbygoogle = window.adsbygoogle || []).push({});\r\n<\/script><\/div>","protected":false},"excerpt":{"rendered":"<p>Meteorologia Tanja Porja ka zbuluar n\u00eb \u2018Dita Jon\u00eb\u2019 n\u00eb A2 CNN si do t\u00eb jen\u00eb kushtet e motit gjat\u00eb 5 dit\u00ebve n\u00eb vijim. &nbsp; Porja tha se temperaturat gjat\u00eb fundjav\u00ebs do t\u00eb jen\u00eb t\u00eb larta dhe moti do t\u00eb jet\u00eb kryesisht i kthjell\u00ebt, me vran\u00ebsira kalimtare. Ajo shtoi gjithashtu se java e ardhshme do t\u00eb [&hellip;]<\/p>\n","protected":false},"author":1,"featured_media":8363,"comment_status":"open","ping_status":"closed","sticky":false,"template":"","format":"standard","meta":{"footnotes":""},"categories":[32],"tags":[39,148,147],"class_list":["post-8364","post","type-post","status-publish","format-standard","has-post-thumbnail","hentry","category-te-fundit","tag-moti","tag-shi","tag-shqiperi"],"_links":{"self":[{"href":"https:\/\/blogseyir.com\/wp\/wp-json\/wp\/v2\/posts\/8364","targetHints":{"allow":["GET"]}}],"collection":[{"href":"https:\/\/blogseyir.com\/wp\/wp-json\/wp\/v2\/posts"}],"about":[{"href":"https:\/\/blogseyir.com\/wp\/wp-json\/wp\/v2\/types\/post"}],"author":[{"embeddable":true,"href":"https:\/\/blogseyir.com\/wp\/wp-json\/wp\/v2\/users\/1"}],"replies":[{"embeddable":true,"href":"https:\/\/blogseyir.com\/wp\/wp-json\/wp\/v2\/comments?post=8364"}],"version-history":[{"count":1,"href":"https:\/\/blogseyir.com\/wp\/wp-json\/wp\/v2\/posts\/8364\/revisions"}],"predecessor-version":[{"id":8365,"href":"https:\/\/blogseyir.com\/wp\/wp-json\/wp\/v2\/posts\/8364\/revisions\/8365"}],"wp:featuredmedia":[{"embeddable":true,"href":"https:\/\/blogseyir.com\/wp\/wp-json\/wp\/v2\/media\/8363"}],"wp:attachment":[{"href":"https:\/\/blogseyir.com\/wp\/wp-json\/wp\/v2\/media?parent=8364"}],"wp:term":[{"taxonomy":"category","embeddable":true,"href":"https:\/\/blogseyir.com\/wp\/wp-json\/wp\/v2\/categories?post=8364"},{"taxonomy":"post_tag","embeddable":true,"href":"https:\/\/blogseyir.com\/wp\/wp-json\/wp\/v2\/tags?post=8364"}],"curies":[{"name":"wp","href":"https:\/\/api.w.org\/{rel}","templated":true}]}}