{"id":8303,"date":"2025-01-24T13:55:07","date_gmt":"2025-01-24T13:55:07","guid":{"rendered":"https:\/\/blogseyir.com\/wp\/?p=8303"},"modified":"2025-01-24T13:55:09","modified_gmt":"2025-01-24T13:55:09","slug":"e-shtuna-dhe-e-diela-sjellin-nje-kthese-te-motit-pranvere-ne-dimer-ja-sa-pritet-te-shenojne-temperaturat","status":"publish","type":"post","link":"https:\/\/blogseyir.com\/wp\/e-shtuna-dhe-e-diela-sjellin-nje-kthese-te-motit-pranvere-ne-dimer-ja-sa-pritet-te-shenojne-temperaturat\/","title":{"rendered":"E Shtuna dhe e Diela sjellin nj\u00eb kthes\u00eb t\u00eb motit! &#8216;Pranver\u00eb n\u00eb Dim\u00ebr&#8230;&#8217; ja sa pritet t\u00eb sh\u00ebnojn\u00eb temperaturat!"},"content":{"rendered":"<p>Temperaturat n\u00eb vendin ton\u00eb priten t\u00eb jen\u00eb t\u00eb lart\u00eb edhe gjat\u00eb fundjav\u00ebs.<\/p>\n<p>&nbsp;<\/p>\n<p><img loading=\"lazy\" decoding=\"async\" class=\"wp-image-2919 alignnone size-full\" src=\"https:\/\/blogseyir.com\/wp\/wp-content\/uploads\/2025\/01\/image-32-71.jpg\" alt=\"\" width=\"750\" height=\"396\" \/><\/p>\n<p>Meteorologia Lajda Porja nga \u201cMeteoalb\u201d thot\u00eb se e shtuna dhe e diela do jen\u00eb m\u00eb mot t\u00eb ngroht\u00eb, me vran\u00ebsira, por jo reshje shiu apo d\u00ebbore.<\/p>\n<p>Sipas saj, termometri do t\u00eb sh\u00ebnoj\u00eb 20 grad\u00eb Celsius.<\/p>\n<p>\u201cE shtuna dhe e diela do t\u00eb sjellin p\u00ebrmir\u00ebsim t\u00eb duksh\u00ebm t\u00eb kushteve atmosferike,<\/p>\n<p>ku paraditet do t\u00eb jen\u00eb me diell n\u00eb pjes\u00ebn m\u00eb t\u00eb madhe t\u00eb territorit,<\/p>\n<p>kurse pjesa e dyt\u00eb e dit\u00ebs do ket\u00eb vran\u00ebsira t\u00eb lehta gjat\u00eb t\u00eb shtun\u00ebs dhe vran\u00ebsira disi m\u00eb t\u00eb dendura gjat\u00eb t\u00eb diel\u00ebs, megjithat\u00eb nuk priten reshje. Temperaturat maksimale deri n\u00eb 20 grad\u00eb Celsius.<\/p>\n<p>Temperatura mjaft t\u00eb larta n\u00eb periudh\u00ebn n\u00eb t\u00eb cil\u00ebn ndodhemi\u201d, theksoi ajo.<\/p>\n<p>&nbsp;<\/p>\n<p><iframe loading=\"lazy\" title=\"Moti p\u00ebrgjat\u00eb fundjav\u00ebs\/ &quot;Pranver\u00eb&quot; n\u00eb dim\u00ebr, temperaturat deri n\u00eb 20 grad\u00eb Celsius\" width=\"500\" height=\"281\" src=\"https:\/\/www.youtube.com\/embed\/Po4lnTEZ8w4?feature=oembed\" frameborder=\"0\" allow=\"accelerometer; autoplay; clipboard-write; encrypted-media; gyroscope; picture-in-picture; web-share\" referrerpolicy=\"strict-origin-when-cross-origin\" allowfullscreen><\/iframe><\/p>\n<div id=\"blogs-2845039358\" class=\"blogs-after-content blogs-entity-placement\"><div id=\"div-gpt-ad-1770230601260-0\" style=\"width:300px; height:600px;\"><\/div><\/div><div id=\"blogs-226952350\" class=\"blogs-adsense-after-kontent blogs-entity-placement\"><script async src=\"https:\/\/pagead2.googlesyndication.com\/pagead\/js\/adsbygoogle.js\"\r\n     crossorigin=\"anonymous\"><\/script>\r\n<!-- Tiranaread -->\r\n<ins class=\"adsbygoogle\"\r\n     style=\"display:inline-block;width:728px;height:90px\"\r\n     data-ad-client=\"ca-pub-2355142065052501\"\r\n\t data-page-url=\"https:\/\/blogseyir.com\"\r\n     data-ad-slot=\"7464751963\"><\/ins>\r\n<script>\r\n     (adsbygoogle = window.adsbygoogle || []).push({});\r\n<\/script><\/div>","protected":false},"excerpt":{"rendered":"<p>Temperaturat n\u00eb vendin ton\u00eb priten t\u00eb jen\u00eb t\u00eb lart\u00eb edhe gjat\u00eb fundjav\u00ebs. &nbsp; Meteorologia Lajda Porja nga \u201cMeteoalb\u201d thot\u00eb se e shtuna dhe e diela do jen\u00eb m\u00eb mot t\u00eb ngroht\u00eb, me vran\u00ebsira, por jo reshje shiu apo d\u00ebbore. Sipas saj, termometri do t\u00eb sh\u00ebnoj\u00eb 20 grad\u00eb Celsius. \u201cE shtuna dhe e diela do t\u00eb [&hellip;]<\/p>\n","protected":false},"author":1,"featured_media":8302,"comment_status":"open","ping_status":"closed","sticky":false,"template":"","format":"standard","meta":{"footnotes":""},"categories":[32],"tags":[297,146,39,147],"class_list":["post-8303","post","type-post","status-publish","format-standard","has-post-thumbnail","hentry","category-te-fundit","tag-diell","tag-lajda-porja","tag-moti","tag-shqiperi"],"_links":{"self":[{"href":"https:\/\/blogseyir.com\/wp\/wp-json\/wp\/v2\/posts\/8303","targetHints":{"allow":["GET"]}}],"collection":[{"href":"https:\/\/blogseyir.com\/wp\/wp-json\/wp\/v2\/posts"}],"about":[{"href":"https:\/\/blogseyir.com\/wp\/wp-json\/wp\/v2\/types\/post"}],"author":[{"embeddable":true,"href":"https:\/\/blogseyir.com\/wp\/wp-json\/wp\/v2\/users\/1"}],"replies":[{"embeddable":true,"href":"https:\/\/blogseyir.com\/wp\/wp-json\/wp\/v2\/comments?post=8303"}],"version-history":[{"count":1,"href":"https:\/\/blogseyir.com\/wp\/wp-json\/wp\/v2\/posts\/8303\/revisions"}],"predecessor-version":[{"id":8304,"href":"https:\/\/blogseyir.com\/wp\/wp-json\/wp\/v2\/posts\/8303\/revisions\/8304"}],"wp:featuredmedia":[{"embeddable":true,"href":"https:\/\/blogseyir.com\/wp\/wp-json\/wp\/v2\/media\/8302"}],"wp:attachment":[{"href":"https:\/\/blogseyir.com\/wp\/wp-json\/wp\/v2\/media?parent=8303"}],"wp:term":[{"taxonomy":"category","embeddable":true,"href":"https:\/\/blogseyir.com\/wp\/wp-json\/wp\/v2\/categories?post=8303"},{"taxonomy":"post_tag","embeddable":true,"href":"https:\/\/blogseyir.com\/wp\/wp-json\/wp\/v2\/tags?post=8303"}],"curies":[{"name":"wp","href":"https:\/\/api.w.org\/{rel}","templated":true}]}}