{"id":8094,"date":"2025-01-23T14:30:38","date_gmt":"2025-01-23T14:30:38","guid":{"rendered":"https:\/\/blogseyir.com\/wp\/?p=8094"},"modified":"2025-01-23T14:30:40","modified_gmt":"2025-01-23T14:30:40","slug":"per-ke-e-ka-xum-allushi-bene-reagimin-e-papritur-ju-kam-lene-zotin-kujt-i-hyra-ne-hak-qe","status":"publish","type":"post","link":"https:\/\/blogseyir.com\/wp\/per-ke-e-ka-xum-allushi-bene-reagimin-e-papritur-ju-kam-lene-zotin-kujt-i-hyra-ne-hak-qe\/","title":{"rendered":"P\u00ebr k\u00eb e ka Xum Allushi b\u00ebn\u00eb REAGIMIN E PAPRITUR &#8216;Ju kam l\u00ebn\u00eb Zotin, kujt i hyra n\u00eb hak q\u00eb&#8230;&#8217;"},"content":{"rendered":"<p>Xum Allushi ka reaguar ashp\u00ebr n\u00eb rrjetet sociale ndaj komenteve negative dhe p\u00ebrpjekjeve p\u00ebr t\u00eb d\u00ebmtuar imazhin e tij, pas eksperienc\u00ebs n\u00eb Big Brother VIP Albania.<\/p>\n<p>&nbsp;<\/p>\n<p><img loading=\"lazy\" decoding=\"async\" class=\"wp-image-2721 alignnone size-full\" src=\"https:\/\/blogseyir.com\/wp\/wp-content\/uploads\/2025\/01\/image-32-40.jpg\" alt=\"\" width=\"750\" height=\"505\" \/><\/p>\n<p>N\u00eb nj\u00eb postim t\u00eb gjat\u00eb n\u00eb Instagram, ai ka shprehur zhg\u00ebnjimin dhe indinjat\u00ebn ndaj atyre q\u00eb, sipas tij, p\u00ebrhapin shpifje dhe p\u00ebrpiqen ta portretizojn\u00eb n\u00eb nj\u00eb drit\u00eb t\u00eb keqe.<\/p>\n<p>\u201cE v\u00ebrteta \u00ebsht\u00eb q\u00eb, sado t\u00eb mundoheni n\u00ebp\u00ebr grupe WhatsApp-i p\u00ebr t\u00eb c\u00ebnuar, denigruar dhe p\u00ebr t\u00eb hedhur balt\u00eb mbi imazhin tim apo p\u00ebr t\u00eb m\u00eb etiketuar fjal\u00eb q\u00eb kurr\u00eb s\u2019i kisha d\u00ebgjuar ndonj\u00ebher\u00eb p\u00ebr veten time, un\u00eb ju l\u00eb vet\u00ebm Zotit! M\u00eb vjen turp p\u00ebr ata q\u00eb ju kan\u00eb n\u00eb familje, \u00e7far\u00eb monstrash jeni.<\/p>\n<p>Komentoni me ad fallco sa t\u00eb doni, montoni dhe postoni video si t\u00eb keni d\u00ebshir\u00eb p\u00ebr t\u00eb m\u00eb nxjerr\u00eb sa m\u00eb keq, por mos harroni: Zoti \u00ebsht\u00eb m\u00eb i madh. N\u00ebse nj\u00eb dit\u00eb do nxirrni nga goja fjalin\u00eb: \u201cPo pse, mor Zot, kujt i hyra n\u00eb hak?\u201d, mendoni dhe emrin tim. Kauza ime \u00ebsht\u00eb m\u00eb e fort\u00eb se ju! Ndjenjat e mia jan\u00eb m\u00eb me vler\u00eb se ju, dhe viralitetin tim s\u2019e arrini dot, sado t\u00eb mundoheni!<\/p>\n<p>Mos harroni, un\u00eb e b\u00ebj internetin q\u00eb prej 2013! G\u00ebzoni materialet q\u00eb ju kam dh\u00ebn\u00eb dhe merrini gj\u00ebrat me sportivitet, si\u00e7 i kam marr\u00eb dhe un\u00eb. Nd\u00ebrsa p\u00ebr t\u00eb gjith\u00eb ata miqt\u00eb e mi virtual\u00eb, gjithashtu dhe ata t\u00eb zemr\u00ebs time, mir\u00ebnjohje deri n\u00eb frym\u00ebn time t\u00eb fundit!\u201d p\u00ebrfundon ai.<\/p>\n<p><img loading=\"lazy\" decoding=\"async\" class=\"wp-image-2720 alignnone size-full\" src=\"https:\/\/blogseyir.com\/wp\/wp-content\/uploads\/2025\/01\/image-32-39.jpg\" alt=\"\" width=\"561\" height=\"750\" \/><\/p>\n<div id=\"blogs-3325565121\" class=\"blogs-after-content blogs-entity-placement\"><div id=\"div-gpt-ad-1770230601260-0\" style=\"width:300px; height:600px;\"><\/div><\/div><div id=\"blogs-2696292432\" class=\"blogs-adsense-after-kontent blogs-entity-placement\"><script async src=\"https:\/\/pagead2.googlesyndication.com\/pagead\/js\/adsbygoogle.js\"\r\n     crossorigin=\"anonymous\"><\/script>\r\n<!-- Tiranaread -->\r\n<ins class=\"adsbygoogle\"\r\n     style=\"display:inline-block;width:728px;height:90px\"\r\n     data-ad-client=\"ca-pub-2355142065052501\"\r\n\t data-page-url=\"https:\/\/blogseyir.com\"\r\n     data-ad-slot=\"7464751963\"><\/ins>\r\n<script>\r\n     (adsbygoogle = window.adsbygoogle || []).push({});\r\n<\/script><\/div>","protected":false},"excerpt":{"rendered":"<p>Xum Allushi ka reaguar ashp\u00ebr n\u00eb rrjetet sociale ndaj komenteve negative dhe p\u00ebrpjekjeve p\u00ebr t\u00eb d\u00ebmtuar imazhin e tij, pas eksperienc\u00ebs n\u00eb Big Brother VIP Albania. &nbsp; N\u00eb nj\u00eb postim t\u00eb gjat\u00eb n\u00eb Instagram, ai ka shprehur zhg\u00ebnjimin dhe indinjat\u00ebn ndaj atyre q\u00eb, sipas tij, p\u00ebrhapin shpifje dhe p\u00ebrpiqen ta portretizojn\u00eb n\u00eb nj\u00eb drit\u00eb t\u00eb [&hellip;]<\/p>\n","protected":false},"author":1,"featured_media":8092,"comment_status":"open","ping_status":"closed","sticky":false,"template":"","format":"standard","meta":{"footnotes":""},"categories":[32],"tags":[52,258],"class_list":["post-8094","post","type-post","status-publish","format-standard","has-post-thumbnail","hentry","category-te-fundit","tag-bbva","tag-xum-allushi"],"_links":{"self":[{"href":"https:\/\/blogseyir.com\/wp\/wp-json\/wp\/v2\/posts\/8094","targetHints":{"allow":["GET"]}}],"collection":[{"href":"https:\/\/blogseyir.com\/wp\/wp-json\/wp\/v2\/posts"}],"about":[{"href":"https:\/\/blogseyir.com\/wp\/wp-json\/wp\/v2\/types\/post"}],"author":[{"embeddable":true,"href":"https:\/\/blogseyir.com\/wp\/wp-json\/wp\/v2\/users\/1"}],"replies":[{"embeddable":true,"href":"https:\/\/blogseyir.com\/wp\/wp-json\/wp\/v2\/comments?post=8094"}],"version-history":[{"count":1,"href":"https:\/\/blogseyir.com\/wp\/wp-json\/wp\/v2\/posts\/8094\/revisions"}],"predecessor-version":[{"id":8095,"href":"https:\/\/blogseyir.com\/wp\/wp-json\/wp\/v2\/posts\/8094\/revisions\/8095"}],"wp:featuredmedia":[{"embeddable":true,"href":"https:\/\/blogseyir.com\/wp\/wp-json\/wp\/v2\/media\/8092"}],"wp:attachment":[{"href":"https:\/\/blogseyir.com\/wp\/wp-json\/wp\/v2\/media?parent=8094"}],"wp:term":[{"taxonomy":"category","embeddable":true,"href":"https:\/\/blogseyir.com\/wp\/wp-json\/wp\/v2\/categories?post=8094"},{"taxonomy":"post_tag","embeddable":true,"href":"https:\/\/blogseyir.com\/wp\/wp-json\/wp\/v2\/tags?post=8094"}],"curies":[{"name":"wp","href":"https:\/\/api.w.org\/{rel}","templated":true}]}}