{"id":8021,"date":"2025-01-22T13:02:37","date_gmt":"2025-01-22T13:02:37","guid":{"rendered":"https:\/\/blogseyir.com\/wp\/?p=8021"},"modified":"2025-01-22T13:02:40","modified_gmt":"2025-01-22T13:02:40","slug":"gent-bejko-reagon-ashper-ndaj-laert-vasilit-pseudopatrioti-qe-na-kafshonte-balerinet","status":"publish","type":"post","link":"https:\/\/blogseyir.com\/wp\/gent-bejko-reagon-ashper-ndaj-laert-vasilit-pseudopatrioti-qe-na-kafshonte-balerinet\/","title":{"rendered":"Gent Bejko reagon ashp\u00ebr ndaj Laert Vasilit: \u201cPseudopatrioti q\u00eb na kafshonte balerin\u00ebt\u2026\u201d"},"content":{"rendered":"<h2>Aktori Gent Bejko ka reaguar me tone t\u00eb ashpra pas debatit t\u00eb tensionuar mes Gert Ferr\u00ebs dhe Laert Vasili n\u00eb sht\u00ebpin\u00eb e \u201cBig Brother VIP.\u201d<\/h2>\n<p><img loading=\"lazy\" decoding=\"async\" class=\"wp-image-2601 alignnone size-full\" src=\"https:\/\/blogseyir.com\/wp\/wp-content\/uploads\/2025\/01\/5AB8B396-45E3-433F-907C-201926F8401C.jpg\" alt=\"\" width=\"750\" height=\"380\" \/><\/p>\n<p>N\u00eb nj\u00eb postim n\u00eb rrjetet sociale, Bejko ka mb\u00ebshtetur q\u00ebndrimet e Ferr\u00ebs, duke e quajtur Vasilin \u201cpseudopatriot\u201d dhe duke ngritur akuza t\u00eb forta ndaj tij.<\/p>\n<p>N\u00eb postimin e tij, Bejko nuk kurseu fjal\u00ebt e r\u00ebnda ndaj Laertit, duke theksuar:<\/p>\n<p>\u201cAto q\u00eb po i thot\u00eb Gert Ferra k\u00ebtij Laertit jan\u00eb t\u00eb gjitha t\u00eb v\u00ebrteta.<\/p>\n<p>Edhe pse e kan\u00eb zbuar nga Greqia, edhe pse ka ngr\u00ebn\u00eb dru edhe at\u00eb tentativ\u00ebn p\u00ebr heqje nga puna. Q\u00eb ta dini ju \u00e7far\u00eb rruspie \u00ebsht\u00eb ky pseudopatrioti. Edhe le t\u00eb m\u00eb kund\u00ebrshtoj mua ky \u2018bythka\u2019 q\u00eb na kafshonte balerin\u00ebt te Dance with Me, po t\u00eb doj\u00eb. Kaq kisha.\u201d<\/p>\n<p>P\u00ebr t\u00eb shmangur p\u00ebrplasjet n\u00eb postimin e tij, Bejko njoftoi se ka vendosur t\u00eb bllokoj\u00eb komentet.<\/p>\n<p>\u201cKomentet po i b\u00ebj block se nuk dua as t\u00eb ziheni e as t\u00eb shaheni te muri im. P\u00ebr m\u00eb tep\u00ebr, komente karshi meje mund t\u00eb b\u00ebjn\u00eb ata\/ato q\u00eb m\u00eb njohin, jo ata q\u00eb kujtojn\u00eb se m\u00eb njohin. Muri im, rregullat e mia. Ju faleminderit p\u00ebr mir\u00ebkuptimin,\u201d p\u00ebrfundoi ai.<\/p>\n<p><img loading=\"lazy\" decoding=\"async\" class=\"wp-image-2602 alignnone size-full\" src=\"https:\/\/blogseyir.com\/wp\/wp-content\/uploads\/2025\/01\/DD02BDD9-5DF7-4647-BEE6-A5DCE35BB668.png\" alt=\"\" width=\"680\" height=\"551\" \/><\/p>\n<div id=\"blogs-3003473165\" class=\"blogs-after-content blogs-entity-placement\"><div id=\"div-gpt-ad-1770230601260-0\" style=\"width:300px; height:600px;\"><\/div><\/div><div id=\"blogs-1823892884\" class=\"blogs-adsense-after-kontent blogs-entity-placement\"><script async src=\"https:\/\/pagead2.googlesyndication.com\/pagead\/js\/adsbygoogle.js\"\r\n     crossorigin=\"anonymous\"><\/script>\r\n<!-- Tiranaread -->\r\n<ins class=\"adsbygoogle\"\r\n     style=\"display:inline-block;width:728px;height:90px\"\r\n     data-ad-client=\"ca-pub-2355142065052501\"\r\n\t data-page-url=\"https:\/\/blogseyir.com\"\r\n     data-ad-slot=\"7464751963\"><\/ins>\r\n<script>\r\n     (adsbygoogle = window.adsbygoogle || []).push({});\r\n<\/script><\/div>","protected":false},"excerpt":{"rendered":"<p>Aktori Gent Bejko ka reaguar me tone t\u00eb ashpra pas debatit t\u00eb tensionuar mes Gert Ferr\u00ebs dhe Laert Vasili n\u00eb sht\u00ebpin\u00eb e \u201cBig Brother VIP.\u201d N\u00eb nj\u00eb postim n\u00eb rrjetet sociale, Bejko ka mb\u00ebshtetur q\u00ebndrimet e Ferr\u00ebs, duke e quajtur Vasilin \u201cpseudopatriot\u201d dhe duke ngritur akuza t\u00eb forta ndaj tij. N\u00eb postimin e tij, Bejko [&hellip;]<\/p>\n","protected":false},"author":1,"featured_media":8019,"comment_status":"open","ping_status":"closed","sticky":false,"template":"","format":"standard","meta":{"footnotes":""},"categories":[33],"tags":[92,402],"class_list":["post-8021","post","type-post","status-publish","format-standard","has-post-thumbnail","hentry","category-showbizi","tag-bbv4","tag-laerti"],"_links":{"self":[{"href":"https:\/\/blogseyir.com\/wp\/wp-json\/wp\/v2\/posts\/8021","targetHints":{"allow":["GET"]}}],"collection":[{"href":"https:\/\/blogseyir.com\/wp\/wp-json\/wp\/v2\/posts"}],"about":[{"href":"https:\/\/blogseyir.com\/wp\/wp-json\/wp\/v2\/types\/post"}],"author":[{"embeddable":true,"href":"https:\/\/blogseyir.com\/wp\/wp-json\/wp\/v2\/users\/1"}],"replies":[{"embeddable":true,"href":"https:\/\/blogseyir.com\/wp\/wp-json\/wp\/v2\/comments?post=8021"}],"version-history":[{"count":1,"href":"https:\/\/blogseyir.com\/wp\/wp-json\/wp\/v2\/posts\/8021\/revisions"}],"predecessor-version":[{"id":8022,"href":"https:\/\/blogseyir.com\/wp\/wp-json\/wp\/v2\/posts\/8021\/revisions\/8022"}],"wp:featuredmedia":[{"embeddable":true,"href":"https:\/\/blogseyir.com\/wp\/wp-json\/wp\/v2\/media\/8019"}],"wp:attachment":[{"href":"https:\/\/blogseyir.com\/wp\/wp-json\/wp\/v2\/media?parent=8021"}],"wp:term":[{"taxonomy":"category","embeddable":true,"href":"https:\/\/blogseyir.com\/wp\/wp-json\/wp\/v2\/categories?post=8021"},{"taxonomy":"post_tag","embeddable":true,"href":"https:\/\/blogseyir.com\/wp\/wp-json\/wp\/v2\/tags?post=8021"}],"curies":[{"name":"wp","href":"https:\/\/api.w.org\/{rel}","templated":true}]}}