{"id":7999,"date":"2025-01-22T09:24:43","date_gmt":"2025-01-22T09:24:43","guid":{"rendered":"https:\/\/blogseyir.com\/wp\/?p=7999"},"modified":"2025-01-22T09:24:44","modified_gmt":"2025-01-22T09:24:44","slug":"termeti-i-forte-shkund-turqine-ja-sa-ishte-magnituda-dhe-epiqendra","status":"publish","type":"post","link":"https:\/\/blogseyir.com\/wp\/termeti-i-forte-shkund-turqine-ja-sa-ishte-magnituda-dhe-epiqendra\/","title":{"rendered":"T\u00ebrmeti i fort\u00eb shkund Turqin\u00eb! Ja sa ishte magnituda dhe epiqendra"},"content":{"rendered":"<p>Nj\u00eb t\u00ebrmet me magnitud\u00eb 5.2 ka ndodhur n\u00eb qytetin \u00c7anakkale t\u00eb Turqis\u00eb.<\/p>\n<p>&nbsp;<\/p>\n<p><img loading=\"lazy\" decoding=\"async\" class=\"wp-image-2582 alignnone size-full\" src=\"https:\/\/blogseyir.com\/wp\/wp-content\/uploads\/2025\/01\/image-32-9.jpg\" alt=\"\" width=\"750\" height=\"439\" \/><\/p>\n<p>Sipas AFAD, t\u00ebrmeti ndodhi n\u00eb detin Egje, 6 kilometra larg brigjeve t\u00eb rrethit Ayvac\u0131k t\u00eb \u00c7anakkales.<\/p>\n<p>T\u00ebrmeti \u00ebsht\u00eb ndjer\u00eb n\u00eb zonat p\u00ebrreth, ve\u00e7an\u00ebrisht n\u00eb Stamboll.<\/p>\n<div id=\"blogs-841273729\" class=\"blogs-after-content blogs-entity-placement\"><div id=\"div-gpt-ad-1770230601260-0\" style=\"width:300px; height:600px;\"><\/div><\/div><div id=\"blogs-1119057469\" class=\"blogs-adsense-after-kontent blogs-entity-placement\"><script async src=\"https:\/\/pagead2.googlesyndication.com\/pagead\/js\/adsbygoogle.js\"\r\n     crossorigin=\"anonymous\"><\/script>\r\n<!-- Tiranaread -->\r\n<ins class=\"adsbygoogle\"\r\n     style=\"display:inline-block;width:728px;height:90px\"\r\n     data-ad-client=\"ca-pub-2355142065052501\"\r\n\t data-page-url=\"https:\/\/blogseyir.com\"\r\n     data-ad-slot=\"7464751963\"><\/ins>\r\n<script>\r\n     (adsbygoogle = window.adsbygoogle || []).push({});\r\n<\/script><\/div>","protected":false},"excerpt":{"rendered":"<p>Nj\u00eb t\u00ebrmet me magnitud\u00eb 5.2 ka ndodhur n\u00eb qytetin \u00c7anakkale t\u00eb Turqis\u00eb. &nbsp; Sipas AFAD, t\u00ebrmeti ndodhi n\u00eb detin Egje, 6 kilometra larg brigjeve t\u00eb rrethit Ayvac\u0131k t\u00eb \u00c7anakkales. T\u00ebrmeti \u00ebsht\u00eb ndjer\u00eb n\u00eb zonat p\u00ebrreth, ve\u00e7an\u00ebrisht n\u00eb Stamboll.<\/p>\n","protected":false},"author":1,"featured_media":7998,"comment_status":"open","ping_status":"closed","sticky":false,"template":"","format":"standard","meta":{"footnotes":""},"categories":[32],"tags":[40,89,367],"class_list":["post-7999","post","type-post","status-publish","format-standard","has-post-thumbnail","hentry","category-te-fundit","tag-te-fundit","tag-termet","tag-turqi"],"_links":{"self":[{"href":"https:\/\/blogseyir.com\/wp\/wp-json\/wp\/v2\/posts\/7999","targetHints":{"allow":["GET"]}}],"collection":[{"href":"https:\/\/blogseyir.com\/wp\/wp-json\/wp\/v2\/posts"}],"about":[{"href":"https:\/\/blogseyir.com\/wp\/wp-json\/wp\/v2\/types\/post"}],"author":[{"embeddable":true,"href":"https:\/\/blogseyir.com\/wp\/wp-json\/wp\/v2\/users\/1"}],"replies":[{"embeddable":true,"href":"https:\/\/blogseyir.com\/wp\/wp-json\/wp\/v2\/comments?post=7999"}],"version-history":[{"count":1,"href":"https:\/\/blogseyir.com\/wp\/wp-json\/wp\/v2\/posts\/7999\/revisions"}],"predecessor-version":[{"id":8000,"href":"https:\/\/blogseyir.com\/wp\/wp-json\/wp\/v2\/posts\/7999\/revisions\/8000"}],"wp:featuredmedia":[{"embeddable":true,"href":"https:\/\/blogseyir.com\/wp\/wp-json\/wp\/v2\/media\/7998"}],"wp:attachment":[{"href":"https:\/\/blogseyir.com\/wp\/wp-json\/wp\/v2\/media?parent=7999"}],"wp:term":[{"taxonomy":"category","embeddable":true,"href":"https:\/\/blogseyir.com\/wp\/wp-json\/wp\/v2\/categories?post=7999"},{"taxonomy":"post_tag","embeddable":true,"href":"https:\/\/blogseyir.com\/wp\/wp-json\/wp\/v2\/tags?post=7999"}],"curies":[{"name":"wp","href":"https:\/\/api.w.org\/{rel}","templated":true}]}}