{"id":7926,"date":"2025-01-21T13:38:19","date_gmt":"2025-01-21T13:38:19","guid":{"rendered":"https:\/\/blogseyir.com\/wp\/?p=7926"},"modified":"2025-01-21T13:38:21","modified_gmt":"2025-01-21T13:38:21","slug":"klajdi-bene-deklaraten-e-cuditshme-ndaj-eglit-jam-i-dashuruar-me-te-por","status":"publish","type":"post","link":"https:\/\/blogseyir.com\/wp\/klajdi-bene-deklaraten-e-cuditshme-ndaj-eglit-jam-i-dashuruar-me-te-por\/","title":{"rendered":"Klajdi b\u00ebn\u00eb DEKLARATEN E CUDITSHME ndaj Eglit &#8216;Jam i dashuruar me t\u00eb, por&#8230;&#8217;"},"content":{"rendered":"<p>Klajdi Musabelliu ka shprehur papritur ndjenja p\u00ebr Egli Takon.<\/p>\n<p>&nbsp;<\/p>\n<p><img loading=\"lazy\" decoding=\"async\" class=\"wp-image-2477 alignnone size-full\" src=\"https:\/\/blogseyir.com\/wp\/wp-content\/uploads\/2025\/01\/image-31-52.jpg\" alt=\"\" width=\"750\" height=\"484\" \/><\/p>\n<p>Mbr\u00ebmjen e djeshme, ai i ka rr\u00ebfyer banor\u00ebve se p\u00ebr Eglin ka krijuar nj\u00eb p\u00eblqim q\u00eb n\u00eb dit\u00ebt e para.<\/p>\n<p>Mir\u00ebpo k\u00ebng\u00ebtari shton se p\u00ebr shkak se Xumi ia shprehu i pari p\u00eblqimin Eglit, iu desh t\u00eb t\u00ebrhiqej.<\/p>\n<p>Kujtojm\u00eb se Xumi e ka shprehur p\u00eblqimin e tij p\u00ebr Eglin q\u00eb n\u00eb dit\u00ebt e para. Nd\u00ebrsa Egli ka shprehur p\u00eblqim p\u00ebr Redon Beharin \u2014 nj\u00ebjt\u00ebn gj\u00eb ka b\u00ebr\u00eb edhe ky i fundit para se t\u00eb largohej nga spektakli.<\/p>\n<p>Megjithat\u00eb Egli tashm\u00eb ka krijuar nj\u00eb raport t\u00eb af\u00ebrt me Gjestin.<\/p>\n<p>&nbsp;<\/p>\n<p>&nbsp;<\/p>\n<p><iframe loading=\"lazy\" class=\"wp-embedded-content\" sandbox=\"allow-scripts\" security=\"restricted\" title=\"InShot_20250121_133531364 (1)\" src=\"https:\/\/streamable.com\/o\/r8mrum#?secret=1ZlgsTaC7W\" data-secret=\"1ZlgsTaC7W\" frameborder=\"0\" scrolling=\"no\" width=\"480\" height=\"600\"><\/iframe><\/p>\n<p>&nbsp;<\/p>\n<div id=\"blogs-1806568401\" class=\"blogs-after-content blogs-entity-placement\"><div id=\"div-gpt-ad-1770230601260-0\" style=\"width:300px; height:600px;\"><\/div><\/div><div id=\"blogs-628755888\" class=\"blogs-adsense-after-kontent blogs-entity-placement\"><script async src=\"https:\/\/pagead2.googlesyndication.com\/pagead\/js\/adsbygoogle.js\"\r\n     crossorigin=\"anonymous\"><\/script>\r\n<!-- Tiranaread -->\r\n<ins class=\"adsbygoogle\"\r\n     style=\"display:inline-block;width:728px;height:90px\"\r\n     data-ad-client=\"ca-pub-2355142065052501\"\r\n\t data-page-url=\"https:\/\/blogseyir.com\"\r\n     data-ad-slot=\"7464751963\"><\/ins>\r\n<script>\r\n     (adsbygoogle = window.adsbygoogle || []).push({});\r\n<\/script><\/div>","protected":false},"excerpt":{"rendered":"<p>Klajdi Musabelliu ka shprehur papritur ndjenja p\u00ebr Egli Takon. &nbsp; Mbr\u00ebmjen e djeshme, ai i ka rr\u00ebfyer banor\u00ebve se p\u00ebr Eglin ka krijuar nj\u00eb p\u00eblqim q\u00eb n\u00eb dit\u00ebt e para. Mir\u00ebpo k\u00ebng\u00ebtari shton se p\u00ebr shkak se Xumi ia shprehu i pari p\u00eblqimin Eglit, iu desh t\u00eb t\u00ebrhiqej. Kujtojm\u00eb se Xumi e ka shprehur p\u00eblqimin [&hellip;]<\/p>\n","protected":false},"author":1,"featured_media":7925,"comment_status":"open","ping_status":"closed","sticky":false,"template":"","format":"standard","meta":{"footnotes":""},"categories":[32],"tags":[52,523,522],"class_list":["post-7926","post","type-post","status-publish","format-standard","has-post-thumbnail","hentry","category-te-fundit","tag-bbva","tag-eglu-tako","tag-klajdi"],"_links":{"self":[{"href":"https:\/\/blogseyir.com\/wp\/wp-json\/wp\/v2\/posts\/7926","targetHints":{"allow":["GET"]}}],"collection":[{"href":"https:\/\/blogseyir.com\/wp\/wp-json\/wp\/v2\/posts"}],"about":[{"href":"https:\/\/blogseyir.com\/wp\/wp-json\/wp\/v2\/types\/post"}],"author":[{"embeddable":true,"href":"https:\/\/blogseyir.com\/wp\/wp-json\/wp\/v2\/users\/1"}],"replies":[{"embeddable":true,"href":"https:\/\/blogseyir.com\/wp\/wp-json\/wp\/v2\/comments?post=7926"}],"version-history":[{"count":1,"href":"https:\/\/blogseyir.com\/wp\/wp-json\/wp\/v2\/posts\/7926\/revisions"}],"predecessor-version":[{"id":7927,"href":"https:\/\/blogseyir.com\/wp\/wp-json\/wp\/v2\/posts\/7926\/revisions\/7927"}],"wp:featuredmedia":[{"embeddable":true,"href":"https:\/\/blogseyir.com\/wp\/wp-json\/wp\/v2\/media\/7925"}],"wp:attachment":[{"href":"https:\/\/blogseyir.com\/wp\/wp-json\/wp\/v2\/media?parent=7926"}],"wp:term":[{"taxonomy":"category","embeddable":true,"href":"https:\/\/blogseyir.com\/wp\/wp-json\/wp\/v2\/categories?post=7926"},{"taxonomy":"post_tag","embeddable":true,"href":"https:\/\/blogseyir.com\/wp\/wp-json\/wp\/v2\/tags?post=7926"}],"curies":[{"name":"wp","href":"https:\/\/api.w.org\/{rel}","templated":true}]}}