{"id":7721,"date":"2025-01-19T10:35:10","date_gmt":"2025-01-19T10:35:10","guid":{"rendered":"https:\/\/blogseyir.com\/wp\/?p=7721"},"modified":"2025-01-19T10:35:12","modified_gmt":"2025-01-19T10:35:12","slug":"debate-te-ashpra-rozana-radi-largohet-per-pak-minuta-nga-prime-per-arsye-shendetesore","status":"publish","type":"post","link":"https:\/\/blogseyir.com\/wp\/debate-te-ashpra-rozana-radi-largohet-per-pak-minuta-nga-prime-per-arsye-shendetesore\/","title":{"rendered":"Debate t\u00eb ashpra, Rozana Radi largohet p\u00ebr pak minuta nga Prime p\u00ebr arsye sh\u00ebndet\u00ebsore!"},"content":{"rendered":"<p>Gjat\u00eb mbr\u00ebmjes s\u00eb sotme, k\u00ebng\u00ebtarja dhe banorja e Big Brother VIP Albania, Rozana Radi, ka pasur nj\u00eb problem sh\u00ebndet\u00ebsor gjat\u00eb transmetimit live.<\/p>\n<p>&nbsp;<\/p>\n<p><img loading=\"lazy\" decoding=\"async\" class=\"wp-image-2184 alignnone size-full\" src=\"https:\/\/blogseyir.com\/wp\/wp-content\/uploads\/2025\/01\/image-30-30.jpg\" alt=\"\" width=\"750\" height=\"452\" \/><\/p>\n<p>Pas debateve t\u00eb forta t\u00eb zhvilluara, k\u00ebng\u00ebtarja nuk \u00ebsht\u00eb ndjer\u00eb mir\u00eb dhe \u00ebsht\u00eb d\u00ebrguar n\u00eb dhom\u00ebn e rr\u00ebfimit p\u00ebr t\u00eb marr\u00eb kujdesin e nevojsh\u00ebm nga produksioni.<\/p>\n<p>Moderatori i spektaklit, Ledion Li\u00e7o ka siguruar publikun se nuk b\u00ebhet fjal\u00eb p\u00ebr asgj\u00eb serioze, por p\u00ebr luhatje tensioni.<\/p>\n<p>Aktualisht, Rozana po trajtohet dhe ndodhet n\u00ebn kujdesin e stafit mjek\u00ebsor.<\/p>\n<div id=\"blogs-347216035\" class=\"blogs-after-content blogs-entity-placement\"><div id=\"div-gpt-ad-1770230601260-0\" style=\"width:300px; height:600px;\"><\/div><\/div><div id=\"blogs-310504233\" class=\"blogs-adsense-after-kontent blogs-entity-placement\"><script async src=\"https:\/\/pagead2.googlesyndication.com\/pagead\/js\/adsbygoogle.js\"\r\n     crossorigin=\"anonymous\"><\/script>\r\n<!-- Tiranaread -->\r\n<ins class=\"adsbygoogle\"\r\n     style=\"display:inline-block;width:728px;height:90px\"\r\n     data-ad-client=\"ca-pub-2355142065052501\"\r\n\t data-page-url=\"https:\/\/blogseyir.com\"\r\n     data-ad-slot=\"7464751963\"><\/ins>\r\n<script>\r\n     (adsbygoogle = window.adsbygoogle || []).push({});\r\n<\/script><\/div>","protected":false},"excerpt":{"rendered":"<p>Gjat\u00eb mbr\u00ebmjes s\u00eb sotme, k\u00ebng\u00ebtarja dhe banorja e Big Brother VIP Albania, Rozana Radi, ka pasur nj\u00eb problem sh\u00ebndet\u00ebsor gjat\u00eb transmetimit live. &nbsp; Pas debateve t\u00eb forta t\u00eb zhvilluara, k\u00ebng\u00ebtarja nuk \u00ebsht\u00eb ndjer\u00eb mir\u00eb dhe \u00ebsht\u00eb d\u00ebrguar n\u00eb dhom\u00ebn e rr\u00ebfimit p\u00ebr t\u00eb marr\u00eb kujdesin e nevojsh\u00ebm nga produksioni. Moderatori i spektaklit, Ledion Li\u00e7o ka [&hellip;]<\/p>\n","protected":false},"author":1,"featured_media":7720,"comment_status":"open","ping_status":"closed","sticky":false,"template":"","format":"standard","meta":{"footnotes":""},"categories":[32],"tags":[52,202],"class_list":["post-7721","post","type-post","status-publish","format-standard","has-post-thumbnail","hentry","category-te-fundit","tag-bbva","tag-rozana-radi"],"_links":{"self":[{"href":"https:\/\/blogseyir.com\/wp\/wp-json\/wp\/v2\/posts\/7721","targetHints":{"allow":["GET"]}}],"collection":[{"href":"https:\/\/blogseyir.com\/wp\/wp-json\/wp\/v2\/posts"}],"about":[{"href":"https:\/\/blogseyir.com\/wp\/wp-json\/wp\/v2\/types\/post"}],"author":[{"embeddable":true,"href":"https:\/\/blogseyir.com\/wp\/wp-json\/wp\/v2\/users\/1"}],"replies":[{"embeddable":true,"href":"https:\/\/blogseyir.com\/wp\/wp-json\/wp\/v2\/comments?post=7721"}],"version-history":[{"count":1,"href":"https:\/\/blogseyir.com\/wp\/wp-json\/wp\/v2\/posts\/7721\/revisions"}],"predecessor-version":[{"id":7722,"href":"https:\/\/blogseyir.com\/wp\/wp-json\/wp\/v2\/posts\/7721\/revisions\/7722"}],"wp:featuredmedia":[{"embeddable":true,"href":"https:\/\/blogseyir.com\/wp\/wp-json\/wp\/v2\/media\/7720"}],"wp:attachment":[{"href":"https:\/\/blogseyir.com\/wp\/wp-json\/wp\/v2\/media?parent=7721"}],"wp:term":[{"taxonomy":"category","embeddable":true,"href":"https:\/\/blogseyir.com\/wp\/wp-json\/wp\/v2\/categories?post=7721"},{"taxonomy":"post_tag","embeddable":true,"href":"https:\/\/blogseyir.com\/wp\/wp-json\/wp\/v2\/tags?post=7721"}],"curies":[{"name":"wp","href":"https:\/\/api.w.org\/{rel}","templated":true}]}}