{"id":7639,"date":"2025-01-18T09:47:11","date_gmt":"2025-01-18T09:47:11","guid":{"rendered":"https:\/\/blogseyir.com\/wp\/?p=7639"},"modified":"2025-01-18T09:47:13","modified_gmt":"2025-01-18T09:47:13","slug":"tronditese-ne-tirane-perfshihet-nga-flaket-kabina-elektrike-nderron-jete-nje-person","status":"publish","type":"post","link":"https:\/\/blogseyir.com\/wp\/tronditese-ne-tirane-perfshihet-nga-flaket-kabina-elektrike-nderron-jete-nje-person\/","title":{"rendered":"Trondit\u00ebse n\u00eb Tiran\u00eb\/ P\u00ebrfshihet nga flak\u00ebt kabina elektrike, nd\u00ebrron jet\u00eb nj\u00eb person"},"content":{"rendered":"<p>Nj\u00eb person ka nd\u00ebrruar jet\u00eb rreth or\u00ebs 00:10, n\u00eb rrug\u00ebn e \u201cKavaj\u00ebs\u201d n\u00eb Tiran\u00eb pasi kabina elektrike \u00ebsht\u00eb p\u00ebrfshir\u00eb nga flak\u00ebt.<\/p>\n<p>&nbsp;<\/p>\n<p><img loading=\"lazy\" decoding=\"async\" class=\"wp-image-2075 alignnone size-full\" src=\"https:\/\/blogseyir.com\/wp\/wp-content\/uploads\/2025\/01\/image-30-6.jpg\" alt=\"\" width=\"750\" height=\"493\" \/><\/p>\n<p>Dyshohet se viktima po flinte aty n\u00eb momentin q\u00eb kabina ka marr\u00eb flak\u00eb.<\/p>\n<p>\u201cM\u00eb dat\u00eb 18.01.2025, rreth or\u00ebs 00:10, n\u00eb rrug\u00ebn e \u201cKavaj\u00ebs\u201d, \u00ebsht\u00eb p\u00ebrfshir\u00eb nga flak\u00ebt nj\u00eb kabin\u00eb elektrike dhe si pasoj\u00eb ka nd\u00ebrruar jet\u00eb nj\u00eb shtetas ende i paidentifikuar,i cili dyshohet se ishte futur n\u00eb kabin\u00eb p\u00ebr t\u00eb fjetur.Punohet p\u00ebr identifikimin e tij\u201d, sipas policis\u00eb.<\/p>\n<p>Njoftimi i plot\u00eb:<\/p>\n<p>Specialist\u00ebt e Seksionit p\u00ebr Hetimin e Narkotik\u00ebve b\u00ebn\u00eb arrestimin n\u00eb flagranc\u00eb t\u00eb shtetasve:<\/p>\n<p>-A.L, 25 vje\u00e7, p\u00ebr veprat penale \u201cProdhim dhe shitje e narkotikeve\u201d dhe \u201cMbajtja pa leje e arm\u00ebve t\u00eb ftohta\u201d, pasi gjat\u00eb kontrollit fizik, sh\u00ebrbimet e Policis\u00eb t\u00eb Komisariatit Nr.1, gjet\u00ebn e sekuestruan nj\u00eb sasi l\u00ebnd\u00eb t\u00eb dyshuar kokain\u00eb dhe nj\u00eb arm\u00eb t\u00eb ftoht\u00eb;<\/p>\n<p>-A.O, 41 vje\u00e7, p\u00ebr veprat penale \u201cProdhim dhe shitje e narkotikeve\u201d dhe \u201cDrejtim i automjetit n\u00eb m\u00ebnyr\u00eb t\u00eb parregullt\u201d, pasi gjat\u00eb kontrollit t\u00eb mjetit, sh\u00ebrbimet e Policis\u00eb t\u00eb Komisariatit Nr.1, gjet\u00ebn e sekuestruan nj\u00eb sasi l\u00ebnd\u00eb t\u00eb dyshuar kokain\u00eb. Nga verifikimet ka rezultuar se ky shtetas drejtonte automjetin n\u00ebn efektin e l\u00ebnd\u00ebve narkotike.<\/p>\n<p>Nga specialist\u00ebt e Komisariatit t\u00eb Policis\u00eb Nr.1, u b\u00eb arrestimi n\u00eb flagranc\u00eb i shtetasve:<\/p>\n<p>-I.K, 57 vje\u00e7, p\u00ebr vepr\u00ebn penale \u201cVjedhja\u201d pasi dyshohet se ka vjedhur monopatin\u00ebn e shtetasit G.M. Gjat\u00eb kontrollit t\u00eb mjetit shtetasit I.K, sh\u00ebrbimet e Policis\u00eb gjet\u00ebn e sekuestruan monopatin\u00ebn e vjedhur e cila u sekuestrua n\u00eb cil\u00ebsin\u00eb e prov\u00ebs materiale;<\/p>\n<p>-G. Q, 24 vje\u00e7, p\u00ebr vepr\u00ebn penale \u201cVjedhja\u201d, pasi dyshohet se n\u00eb bashk\u00ebpunim me nj\u00eb t\u00eb mitur 13 vje\u00e7ar, kan\u00eb vjedhur materiale t\u00eb ndryshme pune. Gjithashtu, nga verifikimet e kryera ka rezultuar se ky shtetas \u00ebsht\u00eb autor i dyshuar i vjedhjes s\u00eb nj\u00eb transformatori n\u00eb tok\u00ebn e shtetasit B. A.<\/p>\n<p>-A.K, 51 vje\u00e7, p\u00ebr vepr\u00ebn penale \u201cDhuna n\u00eb familje\u201d pasi dyshohet se ka ushtruar dhun\u00eb fizike dhe psikologjike ndaj n\u00ebn\u00ebs s\u00eb tij;<\/p>\n<p>-E.K, 43 vje\u00e7, p\u00ebr vepr\u00ebn penale \u201cDhuna n\u00eb familje\u201d, pasi dyshohet se ka ushtruar dhun\u00eb fizike e psikologjike ndaj bashk\u00ebjetueses s\u00eb tij.<\/p>\n<p>Specialist\u00ebt p\u00ebr Hetimin e Krimit n\u00eb Komisariatin e Policis\u00eb Nr.4, b\u00ebn\u00eb arrestimin n\u00eb flagranc\u00eb t\u00eb shtetasit A.D, 21 vje\u00e7, p\u00ebr vepr\u00ebn penale \u201cDhuna n\u00eb familje\u201d, pasi ka ushtruar dhun\u00eb fizike ndaj t\u00eb dashur\u00ebs s\u00eb tij.<\/p>\n<p>Specialist\u00ebt e Komisariatit t\u00eb Policis\u00eb Nr.5, arrestuan n\u00eb flagranc\u00eb shtetasin B.T, 30 vje\u00e7, p\u00ebr vepr\u00ebn penale \u201cDhuna n\u00eb familje\u201d pasi dyshohet se ka ushtruar dhun\u00eb fizike dhe psikologjike ndaj motr\u00ebs s\u00eb tij.<\/p>\n<p>Specialist\u00ebt e Komisariatit t\u00eb Policis\u00eb Nr.6, arrestuan n\u00eb flagranc\u00eb shtetasit:<\/p>\n<p>-S.B, 39 vje\u00e7, p\u00ebr veprat penale \u201cProdhim dhe shitje t\u00eb narkotik\u00ebve\u201d dhe \u201cMbajtja pa leje e arm\u00ebve t\u00eb ftohta\u201d, pasi gjat\u00eb kontrollit t\u00eb mjetit t\u00eb tij, sh\u00ebrbimet e Forc\u00ebs \u201cShqiponja\u201d gjet\u00ebn e sekuestruan nj\u00eb l\u00ebnd\u00eb narkotike kanabis dhe nj\u00eb arm\u00eb t\u00eb ftoht\u00eb (p\u00ebrforcues grushti). N\u00eb vijim t\u00eb veprimeve u proceduan n\u00eb gjendje t\u00eb lir\u00eb shtetasit Xh.M, 29 vje\u00e7, S.M, 25 vje\u00e7 dhe F.M, 26, pasagjer n\u00eb mjetin me drejtues shtetasin S.B, p\u00ebr vepr\u00ebn penale \u201cMoskall\u00ebzim i krimit\u201d;<\/p>\n<p>-S.D, 19 vje\u00e7, p\u00ebr vepr\u00ebn penale \u201cMbajtje pa leje e arm\u00ebve t\u00eb ftohta\u201d pasi gjat\u00eb kontrollit fizik, sh\u00ebrbimet e Policis\u00eb gjet\u00ebn nj\u00eb arm\u00eb t\u00eb ftoht\u00eb e cila u sekuestrua n\u00eb cil\u00ebsin\u00eb e prov\u00ebs materiale.<\/p>\n<p>Specialist\u00ebt e Qarkullimit Rrugor arrestuan n\u00eb flagranc\u00eb shtetasit I.B, 31 vje\u00e7, A.A, 43 vje\u00e7,V.Rr, 45 vje\u00e7 dhe J.D, 37 vje\u00e7,p\u00ebr vepr\u00ebn penale \u201cDrejtim i automjeteve n\u00eb m\u00ebnyr\u00eb t\u00eb parregullt\u201d, pasi u konstatuan duke drejtuar automjetet p\u00ebrkat\u00ebse n\u00eb gjendje t\u00eb dehur:<\/p>\n<p>Po nga k\u00ebta specialist\u00eb u b\u00eb arrestimi i shtetasit N.Sh, 57 vje\u00e7, p\u00ebr veprat penale \u201cDrejtim i mjeteve n\u00eb m\u00ebnyr\u00eb t\u00eb parregullt\u201d dhe \u201cMosbindja ndaj urdhrit t\u00eb punonj\u00ebsit t\u00eb policis\u00eb t\u00eb rendit publik\u201d, pasi nuk i \u00ebsht\u00eb bindur urdhrit t\u00eb punonj\u00ebsit t\u00eb policis\u00eb p\u00ebr kryerjen e testit t\u00eb alkoolit, pasi dyshohej se drejtonte mjetin n\u00eb gjendje t\u00eb dehur.<\/p>\n<p>-M\u00eb dat\u00eb 17.01.2025, u referuan materialet n\u00eb Prokurorin\u00eb pran\u00eb Gjykat\u00ebs s\u00eb Shkall\u00ebs s\u00eb Par\u00eb, t\u00eb Juridiksionit t\u00eb P\u00ebrgjithsh\u00ebm Tiran\u00eb, p\u00ebr shtetasit D.T, A.K, K.B, E.E dhe T.B, pasi tek Bashkia e Tiran\u00ebs, k\u00ebta shtetas n\u00eb bashk\u00ebpunim me persona t\u00eb tjer\u00eb ende t\u00eb paidentifikuar, kan\u00eb zhvilluar nj\u00eb protest\u00eb t\u00eb paligjshme duke bllokuar rrug\u00ebn, penguar qarkullimin e lir\u00eb t\u00eb qytetar\u00ebve si dhe duke prishur rendin dhe qet\u00ebsin\u00eb publike.<\/p>\n<p>-M\u00eb dat\u00eb 18.01.2025, rreth or\u00ebs 00:10, n\u00eb rrug\u00ebn e \u201cKavaj\u00ebs\u201d, \u00ebsht\u00eb p\u00ebrfshir\u00eb nga flak\u00ebt nj\u00eb kabin\u00eb elektrike dhe si pasoj\u00eb ka nd\u00ebrruar jet\u00eb nj\u00eb shtetas ende i paidentifikuar,i cili dyshohet se ishte futur n\u00eb kabin\u00eb p\u00ebr t\u00eb fjetur.Punohet p\u00ebr identifikimin e tij.<\/p>\n<p>Materialet procedurale i kaluan Prokuroris\u00eb, p\u00ebr veprime t\u00eb m\u00ebtejshme.<\/p>\n<p>Top Channel<\/p>\n<div id=\"blogs-1572912659\" class=\"blogs-after-content blogs-entity-placement\"><div id=\"div-gpt-ad-1770230601260-0\" style=\"width:300px; height:600px;\"><\/div><\/div><div id=\"blogs-31104844\" class=\"blogs-adsense-after-kontent blogs-entity-placement\"><script async src=\"https:\/\/pagead2.googlesyndication.com\/pagead\/js\/adsbygoogle.js\"\r\n     crossorigin=\"anonymous\"><\/script>\r\n<!-- Tiranaread -->\r\n<ins class=\"adsbygoogle\"\r\n     style=\"display:inline-block;width:728px;height:90px\"\r\n     data-ad-client=\"ca-pub-2355142065052501\"\r\n\t data-page-url=\"https:\/\/blogseyir.com\"\r\n     data-ad-slot=\"7464751963\"><\/ins>\r\n<script>\r\n     (adsbygoogle = window.adsbygoogle || []).push({});\r\n<\/script><\/div>","protected":false},"excerpt":{"rendered":"<p>Nj\u00eb person ka nd\u00ebrruar jet\u00eb rreth or\u00ebs 00:10, n\u00eb rrug\u00ebn e \u201cKavaj\u00ebs\u201d n\u00eb Tiran\u00eb pasi kabina elektrike \u00ebsht\u00eb p\u00ebrfshir\u00eb nga flak\u00ebt. &nbsp; Dyshohet se viktima po flinte aty n\u00eb momentin q\u00eb kabina ka marr\u00eb flak\u00eb. \u201cM\u00eb dat\u00eb 18.01.2025, rreth or\u00ebs 00:10, n\u00eb rrug\u00ebn e \u201cKavaj\u00ebs\u201d, \u00ebsht\u00eb p\u00ebrfshir\u00eb nga flak\u00ebt nj\u00eb kabin\u00eb elektrike dhe si pasoj\u00eb [&hellip;]<\/p>\n","protected":false},"author":1,"featured_media":7638,"comment_status":"open","ping_status":"closed","sticky":false,"template":"","format":"standard","meta":{"footnotes":""},"categories":[32],"tags":[513,40,49],"class_list":["post-7639","post","type-post","status-publish","format-standard","has-post-thumbnail","hentry","category-te-fundit","tag-kabina-elektrike","tag-te-fundit","tag-tirane"],"_links":{"self":[{"href":"https:\/\/blogseyir.com\/wp\/wp-json\/wp\/v2\/posts\/7639","targetHints":{"allow":["GET"]}}],"collection":[{"href":"https:\/\/blogseyir.com\/wp\/wp-json\/wp\/v2\/posts"}],"about":[{"href":"https:\/\/blogseyir.com\/wp\/wp-json\/wp\/v2\/types\/post"}],"author":[{"embeddable":true,"href":"https:\/\/blogseyir.com\/wp\/wp-json\/wp\/v2\/users\/1"}],"replies":[{"embeddable":true,"href":"https:\/\/blogseyir.com\/wp\/wp-json\/wp\/v2\/comments?post=7639"}],"version-history":[{"count":1,"href":"https:\/\/blogseyir.com\/wp\/wp-json\/wp\/v2\/posts\/7639\/revisions"}],"predecessor-version":[{"id":7640,"href":"https:\/\/blogseyir.com\/wp\/wp-json\/wp\/v2\/posts\/7639\/revisions\/7640"}],"wp:featuredmedia":[{"embeddable":true,"href":"https:\/\/blogseyir.com\/wp\/wp-json\/wp\/v2\/media\/7638"}],"wp:attachment":[{"href":"https:\/\/blogseyir.com\/wp\/wp-json\/wp\/v2\/media?parent=7639"}],"wp:term":[{"taxonomy":"category","embeddable":true,"href":"https:\/\/blogseyir.com\/wp\/wp-json\/wp\/v2\/categories?post=7639"},{"taxonomy":"post_tag","embeddable":true,"href":"https:\/\/blogseyir.com\/wp\/wp-json\/wp\/v2\/tags?post=7639"}],"curies":[{"name":"wp","href":"https:\/\/api.w.org\/{rel}","templated":true}]}}