{"id":7627,"date":"2025-01-17T19:19:09","date_gmt":"2025-01-17T19:19:09","guid":{"rendered":"https:\/\/blogseyir.com\/wp\/?p=7627"},"modified":"2025-01-17T19:19:11","modified_gmt":"2025-01-17T19:19:11","slug":"mjere-ato-prinder-ishte-ne-lule-te-rinise-nderron-jete-ne-spital-13-vjecarja-shqiptare","status":"publish","type":"post","link":"https:\/\/blogseyir.com\/wp\/mjere-ato-prinder-ishte-ne-lule-te-rinise-nderron-jete-ne-spital-13-vjecarja-shqiptare\/","title":{"rendered":"Mjer\u00eb ato prind\u00ebr! Ishte n\u00eb lule t\u00eb rinis\u00eb, nd\u00ebrron jet\u00eb n\u00eb spital 13-vje\u00e7arja shqiptare."},"content":{"rendered":"<p>13-vje\u00e7arja me origjin\u00eb shqiptare Jennifer Alcani, e cila u aksidentua n\u00eb Itali<\/p>\n<p>&nbsp;<\/p>\n<p><img loading=\"lazy\" decoding=\"async\" class=\"wp-image-2038 alignnone size-full\" src=\"https:\/\/blogseyir.com\/wp\/wp-content\/uploads\/2025\/01\/image-30-2.jpg\" alt=\"\" width=\"750\" height=\"499\" \/><\/p>\n<p>ka nd\u00ebrruar jet\u00eb n\u00eb spital. Sipas mediave vendase e mitura ishte prej 6 dit\u00ebsh n\u00eb koma duke luftuar me jet\u00ebn por fatkeq\u00ebsisht nuk ka mundur t\u00eb mbijetoj\u00eb.<\/p>\n<p>Dinamika e ngjarjes:<\/p>\n<p>T\u00eb enjten e dat\u00ebs 9 janar, n\u00eb or\u00ebt e vona t\u00eb mbr\u00ebmjes, Jennifer doli nga sht\u00ebpia fshehurazi nga prind\u00ebrit e saj, p\u00ebr t\u00eb kaluar mbr\u00ebmjen n\u00eb McDonald\u2019s me dy miq m\u00eb t\u00eb m\u00ebdhenj. N\u00eb or\u00ebn 5 t\u00eb m\u00ebngjesit t\u00eb s\u00eb premtes, n\u00ebna, e cila nuk dinte asgj\u00eb dhe mendonte se po flinte n\u00eb dhom\u00ebn e saj t\u00eb gjumit, mori nj\u00eb telefonat\u00eb nga policia e cila e njoftoi se vajza e saj ndodhet n\u00eb spital, ka b\u00ebr\u00eb nj\u00eb aksident n\u00eb Abbadia Lariana .<\/p>\n<p>Jennifer vdiq m\u00eb 16 janar n\u00eb spitalin Manzoni n\u00eb Lecco, pas gjasht\u00eb dit\u00ebsh agonie, pa rikthyer asnj\u00ebher\u00eb vet\u00ebdijen . T\u00eb enjten pasdite, mjek\u00ebt duhej t\u00eb hiqnin dor\u00eb. Ajo u shtrua n\u00eb repartin e Neuroreanimacionit, ku e kishin \u00e7uar n\u00eb t\u00eb gdhir\u00eb pas aksidentit t\u00eb ndodhur n\u00eb rrug\u00ebn provinciale 72 .<\/p>\n<p>&nbsp;<\/p>\n<p><img loading=\"lazy\" decoding=\"async\" class=\"wp-image-2037 alignnone size-full\" src=\"https:\/\/blogseyir.com\/wp\/wp-content\/uploads\/2025\/01\/image-30-1.jpg\" alt=\"\" width=\"750\" height=\"499\" \/><\/p>\n<p>Vajza e vog\u00ebl, Xheni p\u00ebr miqt\u00eb e saj, babai i saj me origjin\u00eb shqiptare, jetonte n\u00eb Pescarenico me n\u00ebn\u00ebn e saj. N\u00eb agimin e s\u00eb premtes s\u00eb 10 janarit ajo po udh\u00ebtonte me nj\u00eb BMW Series 1, t\u00eb drejtuar nga nj\u00eb mik 22-vje\u00e7ar. Makina nuk ishte e tij, por e nj\u00eb miku 19-vje\u00e7ar nga Malgrate , i cili ka xhiruar videon e postuar n\u00eb TikTok. Ata e kishin kaluar mbr\u00ebmjen s\u00eb bashku dhe dy djemt\u00eb kishin pir\u00eb shum\u00eb : n\u00eb makin\u00eb u gjet\u00ebn shishe me alkool . Xheni flinte n\u00eb sediljen e pasme. Videoja e postuar n\u00eb Tik Tok fikson momentet e fundit t\u00eb gar\u00ebs s\u00eb \u00e7mendur n\u00ebp\u00ebr tunel: me sa duket \u00ebsht\u00eb filmuar nga 19-vje\u00e7ari, i cili filmon shokun e tij duke vozitur, me muzik\u00ebn me volum t\u00eb lart\u00eb.<\/p>\n<p>Aksidenti ka ndodhur pak para or\u00ebs 5 t\u00eb m\u00ebngjesit n\u00eb hyrje t\u00eb tunelit: shoferi, i cili po udh\u00ebtonte me mbi 150 kilometra n\u00eb or\u00eb, humbi kontrollin e makin\u00ebs s\u00eb fuqishme kur doli nga nj\u00eb gjysm\u00eb kthese, e cila p\u00ebrfundoi kund\u00ebr nj\u00eb parapet prej betoni . Por nd\u00ebrsa dy t\u00eb rinjt\u00eb shp\u00ebtuan me plag\u00eb t\u00eb lehta, Xheni, e cila flinte n\u00eb sediljen e pasme, me rripin e sigurimit, nuk u zgjua m\u00eb. Trauma e kok\u00ebs, koma e pakthyeshme.<\/p>\n<p>22 -vje\u00e7ari n\u00eb timon, i hetuar fillimisht p\u00ebr d\u00ebmtime t\u00eb r\u00ebnda n\u00eb rrug\u00eb, tashm\u00eb akuzohet p\u00ebr vrasje me automjet . P\u00ebr m\u00eb tep\u00ebr, pas p\u00ebrplasjes, ai u p\u00ebrpoq t\u00eb largohej nga dhoma e urgjenc\u00ebs \u2013 ai ishte praktikisht i pad\u00ebmtuar \u2013 p\u00ebr t\u00eb shmangur testin e alkoolit . Xheni ishte regjistruar n\u00eb klas\u00ebn e gjasht\u00eb n\u00eb shkoll\u00ebn Stoppani n\u00eb Lecco, edhe pse frekuentonte pak dhe p\u00ebr k\u00ebt\u00eb kishte d\u00ebshtuar dy her\u00eb. Ai do t\u00eb kishte mbushur 14 vje\u00e7 n\u00eb prill. Varrimi do t\u00eb b\u00ebhet t\u00eb shtun\u00ebn n\u00eb or\u00ebn 15:30 n\u00eb Bazilik\u00ebn e San Nicol\u00f2 n\u00eb Lecco.<\/p>\n<p>&nbsp;<\/p>\n<div id=\"blogs-3253593930\" class=\"blogs-after-content blogs-entity-placement\"><div id=\"div-gpt-ad-1770230601260-0\" style=\"width:300px; height:600px;\"><\/div><\/div><div id=\"blogs-3513934010\" class=\"blogs-adsense-after-kontent blogs-entity-placement\"><script async src=\"https:\/\/pagead2.googlesyndication.com\/pagead\/js\/adsbygoogle.js\"\r\n     crossorigin=\"anonymous\"><\/script>\r\n<!-- Tiranaread -->\r\n<ins class=\"adsbygoogle\"\r\n     style=\"display:inline-block;width:728px;height:90px\"\r\n     data-ad-client=\"ca-pub-2355142065052501\"\r\n\t data-page-url=\"https:\/\/blogseyir.com\"\r\n     data-ad-slot=\"7464751963\"><\/ins>\r\n<script>\r\n     (adsbygoogle = window.adsbygoogle || []).push({});\r\n<\/script><\/div>","protected":false},"excerpt":{"rendered":"<p>13-vje\u00e7arja me origjin\u00eb shqiptare Jennifer Alcani, e cila u aksidentua n\u00eb Itali &nbsp; ka nd\u00ebrruar jet\u00eb n\u00eb spital. Sipas mediave vendase e mitura ishte prej 6 dit\u00ebsh n\u00eb koma duke luftuar me jet\u00ebn por fatkeq\u00ebsisht nuk ka mundur t\u00eb mbijetoj\u00eb. Dinamika e ngjarjes: T\u00eb enjten e dat\u00ebs 9 janar, n\u00eb or\u00ebt e vona t\u00eb mbr\u00ebmjes, [&hellip;]<\/p>\n","protected":false},"author":1,"featured_media":7625,"comment_status":"open","ping_status":"closed","sticky":false,"template":"","format":"standard","meta":{"footnotes":""},"categories":[32],"tags":[183,511,41],"class_list":["post-7627","post","type-post","status-publish","format-standard","has-post-thumbnail","hentry","category-te-fundit","tag-aksident","tag-fier","tag-vdekje"],"_links":{"self":[{"href":"https:\/\/blogseyir.com\/wp\/wp-json\/wp\/v2\/posts\/7627","targetHints":{"allow":["GET"]}}],"collection":[{"href":"https:\/\/blogseyir.com\/wp\/wp-json\/wp\/v2\/posts"}],"about":[{"href":"https:\/\/blogseyir.com\/wp\/wp-json\/wp\/v2\/types\/post"}],"author":[{"embeddable":true,"href":"https:\/\/blogseyir.com\/wp\/wp-json\/wp\/v2\/users\/1"}],"replies":[{"embeddable":true,"href":"https:\/\/blogseyir.com\/wp\/wp-json\/wp\/v2\/comments?post=7627"}],"version-history":[{"count":1,"href":"https:\/\/blogseyir.com\/wp\/wp-json\/wp\/v2\/posts\/7627\/revisions"}],"predecessor-version":[{"id":7628,"href":"https:\/\/blogseyir.com\/wp\/wp-json\/wp\/v2\/posts\/7627\/revisions\/7628"}],"wp:featuredmedia":[{"embeddable":true,"href":"https:\/\/blogseyir.com\/wp\/wp-json\/wp\/v2\/media\/7625"}],"wp:attachment":[{"href":"https:\/\/blogseyir.com\/wp\/wp-json\/wp\/v2\/media?parent=7627"}],"wp:term":[{"taxonomy":"category","embeddable":true,"href":"https:\/\/blogseyir.com\/wp\/wp-json\/wp\/v2\/categories?post=7627"},{"taxonomy":"post_tag","embeddable":true,"href":"https:\/\/blogseyir.com\/wp\/wp-json\/wp\/v2\/tags?post=7627"}],"curies":[{"name":"wp","href":"https:\/\/api.w.org\/{rel}","templated":true}]}}