{"id":7474,"date":"2025-01-16T13:07:12","date_gmt":"2025-01-16T13:07:12","guid":{"rendered":"https:\/\/blogseyir.com\/wp\/?p=7474"},"modified":"2025-01-16T13:07:15","modified_gmt":"2025-01-16T13:07:15","slug":"u-tha-se-eshte-gy-familjaret-e-jozit-reagojne-menjehere-pas-pretendimeve-te-bujshme","status":"publish","type":"post","link":"https:\/\/blogseyir.com\/wp\/u-tha-se-eshte-gy-familjaret-e-jozit-reagojne-menjehere-pas-pretendimeve-te-bujshme\/","title":{"rendered":"U tha se \u00ebsht\u00eb G*Y, familjar\u00ebt e Jozit  reagojn\u00eb menjehere pas pretendimeve t\u00eb bujshme"},"content":{"rendered":"<h2>Familjar\u00ebt e Joz Markut, kan\u00eb reaguar pas pretendimeve t\u00eb bujshme q\u00eb konkurrenti i Big Brother VIP Albania \u00ebsht\u00eb homoseksual, polemika q\u00eb fillimisht u ngrit\u00ebn nga gazetarja Dasara Karaiska dhe q\u00eb shpejt mor\u00ebn dhe n\u00eb rrjetet sociale.<\/h2>\n<p><img loading=\"lazy\" decoding=\"async\" class=\"wp-image-1770 alignnone size-full\" src=\"https:\/\/blogseyir.com\/wp\/wp-content\/uploads\/2025\/01\/77B85B02-C661-4DEE-B80A-B5A3A2E3D96E.jpg\" alt=\"\" width=\"750\" height=\"425\" \/><\/p>\n<p>N\u00eb nj\u00eb video t\u00eb publikuar n\u00eb rrjetin social, Karaiska u shpreh se Jozi \u00ebsht\u00eb gay dhe se partneri i tij ka deklaruar hapur lidhjen me t\u00eb.<\/p>\n<p>\u201cMua m\u00eb vjen aq keq p\u00ebr at\u00eb partnerin e Jozit me t\u00eb cilin ai ka bashk\u00ebjetuar n\u00eb Zvic\u00ebr dhe Milano\u201d, tha Karaiska, duke shtuar se partneri \u00ebsht\u00eb nj\u00eb person i deklaruar gay q\u00eb ndodhet n\u00eb nj\u00eb marr\u00ebdh\u00ebnie me Jozin. \u201cNuk \u00ebsht\u00eb e drejt\u00eb nga ana ime t\u2019ia denigroj figur\u00ebn, por ky Jozi e ka hak t\u00eb ia nxjerr at\u00eb foton dhe profilin e atij partnerit q\u00eb e ka Jozin foto profili n\u00eb Instagram\u201d, vijoi ajo.<\/p>\n<p>K\u00ebtyre deklaratave i kan\u00eb reaguar familjar\u00ebt e Jozit, p\u00ebrmes profilit t\u00eb k\u00ebtij t\u00eb fundit n\u00eb Instagram, duke qen\u00eb se jan\u00eb p\u00ebrgjegj\u00ebs p\u00ebr llogarin\u00eb.<\/p>\n<p>&nbsp;<\/p>\n<p><img loading=\"lazy\" decoding=\"async\" class=\"alignnone size-full wp-image-1771\" src=\"https:\/\/blogseyir.com\/wp\/wp-content\/uploads\/2025\/01\/77698B02-B59C-47AB-9825-4B590D46CA0B.jpg\" alt=\"\" width=\"420\" height=\"750\" \/><br \/>\nAta i mohuan k\u00ebto pretendime mbi orientimin seksual t\u00eb Jozit dhe se ky i fundit dhe djaloshi [t\u00eb cilit iu referua gazetarja] jan\u00eb miq prej vitesh, duke hedhur posht\u00eb se jan\u00eb m\u00eb t\u00eb af\u00ebrt se kaq.<\/p>\n<p>\u201cGjat\u00eb dit\u00ebs s\u00eb sotme n\u00eb rrjetet sociale kan\u00eb qarkulluar disa foto t\u00eb Jozit dhe si familjar\u00eb t\u00eb tij, ndjejm\u00eb p\u00ebrgjegj\u00ebsi t\u00eb reagojm\u00eb. Jozi me djalin n\u00eb foto jan\u00eb miq, t\u00eb njohur n\u00eb rrethana emigrimi, por k\u00ebto jan\u00eb informacione q\u00eb nuk i p\u00ebrkasin medias p\u00ebr sa koh\u00eb q\u00eb Jozi vet\u00eb nuk i ka treguar brenda n\u00eb sht\u00ebpi apo t\u2019i b\u00ebj publike n\u00eb profilin e tij, at\u00eb dhe shok\u00eb t\u00eb tjer\u00eb q\u00eb e mb\u00ebshtesin\u201d, kan\u00eb shkruar familjar\u00ebt.<\/p>\n<p>\u201c\u00cbsht\u00eb absurde t\u00eb shpik\u00ebsh lajme t\u00eb tilla prej fotove t\u00eb dy djemve s\u00eb bashku t\u00eb cil\u00ebt jan\u00eb shok\u00eb prej vitesh. Prandaj b\u00ebjm\u00eb thirrje t\u00eb tregoheni m\u00eb t\u00eb kujdessh\u00ebm me informacionet e pav\u00ebrteta q\u00eb p\u00ebrhapni\u201d.<\/p>\n<p>\u201cNj\u00eb pseudo-gazetare e d\u00ebshp\u00ebruar p\u00ebr v\u00ebmendje ka vendosur t\u00eb p\u00ebrdor\u00eb rrjetet e saj p\u00ebr t\u00eb hedhur balt\u00eb jasht\u00eb \u00e7do etike gazetareske, \u00e7do morali dhe parimi njer\u00ebzor\u201d, kan\u00eb theksuar tutje ata. \/Telegrafi\/<\/p>\n<div id=\"blogs-2023306204\" class=\"blogs-after-content blogs-entity-placement\"><div id=\"div-gpt-ad-1770230601260-0\" style=\"width:300px; height:600px;\"><\/div><\/div><div id=\"blogs-399706856\" class=\"blogs-adsense-after-kontent blogs-entity-placement\"><script async src=\"https:\/\/pagead2.googlesyndication.com\/pagead\/js\/adsbygoogle.js\"\r\n     crossorigin=\"anonymous\"><\/script>\r\n<!-- Tiranaread -->\r\n<ins class=\"adsbygoogle\"\r\n     style=\"display:inline-block;width:728px;height:90px\"\r\n     data-ad-client=\"ca-pub-2355142065052501\"\r\n\t data-page-url=\"https:\/\/blogseyir.com\"\r\n     data-ad-slot=\"7464751963\"><\/ins>\r\n<script>\r\n     (adsbygoogle = window.adsbygoogle || []).push({});\r\n<\/script><\/div>","protected":false},"excerpt":{"rendered":"<p>Familjar\u00ebt e Joz Markut, kan\u00eb reaguar pas pretendimeve t\u00eb bujshme q\u00eb konkurrenti i Big Brother VIP Albania \u00ebsht\u00eb homoseksual, polemika q\u00eb fillimisht u ngrit\u00ebn nga gazetarja Dasara Karaiska dhe q\u00eb shpejt mor\u00ebn dhe n\u00eb rrjetet sociale. N\u00eb nj\u00eb video t\u00eb publikuar n\u00eb rrjetin social, Karaiska u shpreh se Jozi \u00ebsht\u00eb gay dhe se partneri i [&hellip;]<\/p>\n","protected":false},"author":1,"featured_media":7472,"comment_status":"open","ping_status":"closed","sticky":false,"template":"","format":"standard","meta":{"footnotes":""},"categories":[33],"tags":[294,92,325],"class_list":["post-7474","post","type-post","status-publish","format-standard","has-post-thumbnail","hentry","category-showbizi","tag-a","tag-bbv4","tag-jozi"],"_links":{"self":[{"href":"https:\/\/blogseyir.com\/wp\/wp-json\/wp\/v2\/posts\/7474","targetHints":{"allow":["GET"]}}],"collection":[{"href":"https:\/\/blogseyir.com\/wp\/wp-json\/wp\/v2\/posts"}],"about":[{"href":"https:\/\/blogseyir.com\/wp\/wp-json\/wp\/v2\/types\/post"}],"author":[{"embeddable":true,"href":"https:\/\/blogseyir.com\/wp\/wp-json\/wp\/v2\/users\/1"}],"replies":[{"embeddable":true,"href":"https:\/\/blogseyir.com\/wp\/wp-json\/wp\/v2\/comments?post=7474"}],"version-history":[{"count":1,"href":"https:\/\/blogseyir.com\/wp\/wp-json\/wp\/v2\/posts\/7474\/revisions"}],"predecessor-version":[{"id":7475,"href":"https:\/\/blogseyir.com\/wp\/wp-json\/wp\/v2\/posts\/7474\/revisions\/7475"}],"wp:featuredmedia":[{"embeddable":true,"href":"https:\/\/blogseyir.com\/wp\/wp-json\/wp\/v2\/media\/7472"}],"wp:attachment":[{"href":"https:\/\/blogseyir.com\/wp\/wp-json\/wp\/v2\/media?parent=7474"}],"wp:term":[{"taxonomy":"category","embeddable":true,"href":"https:\/\/blogseyir.com\/wp\/wp-json\/wp\/v2\/categories?post=7474"},{"taxonomy":"post_tag","embeddable":true,"href":"https:\/\/blogseyir.com\/wp\/wp-json\/wp\/v2\/tags?post=7474"}],"curies":[{"name":"wp","href":"https:\/\/api.w.org\/{rel}","templated":true}]}}