{"id":7404,"date":"2025-01-15T13:11:16","date_gmt":"2025-01-15T13:11:16","guid":{"rendered":"https:\/\/blogseyir.com\/wp\/?p=7404"},"modified":"2025-01-15T13:11:19","modified_gmt":"2025-01-15T13:11:19","slug":"egli-nuk-e-paska-harruar-olsi-bylykun-gjesti-po-ma-kujton-shume-olsin-deklarata-e-saj-po-i-habit-te-gjithe","status":"publish","type":"post","link":"https:\/\/blogseyir.com\/wp\/egli-nuk-e-paska-harruar-olsi-bylykun-gjesti-po-ma-kujton-shume-olsin-deklarata-e-saj-po-i-habit-te-gjithe\/","title":{"rendered":"Egli nuk e paska harruar Olsi Bylykun? &#8216;Gjesti po ma kujton shum\u00eb Olsin&#8230;&#8217; Deklarata e saj po i HABIT t\u00eb gjith\u00eb"},"content":{"rendered":"<p>Egli Tako ka treguar nj\u00eb afrimitet t\u00eb madh k\u00ebto dit\u00eb me banorin e atij formati, Gjestin.<\/p>\n<p>&nbsp;<\/p>\n<p><img loading=\"lazy\" decoding=\"async\" class=\"wp-image-1614 alignnone size-full\" src=\"https:\/\/blogseyir.com\/wp\/wp-content\/uploads\/2025\/01\/image-27-22.jpg\" alt=\"\" width=\"750\" height=\"449\" \/><\/p>\n<p>Ata duket se kan\u00eb gjetur paqen me nj\u00ebri-tjetrin, ku po kuptohen shum\u00eb mir\u00eb bashk\u00eb. Nj\u00eb marr\u00ebdh\u00ebnie q\u00eb ka filluar me miq\u00ebsi dhe q\u00eb ka t\u00ebrhequr v\u00ebmendjen e shum\u00eb ndjek\u00ebsve t\u00eb programeve reality. Momentet e tyre t\u00eb p\u00ebrbashk\u00ebta kan\u00eb kaluar nga thjesht p\u00ebrsh\u00ebndetje n\u00eb biseda m\u00eb serioze, duke l\u00ebn\u00eb vend p\u00ebr spekulime se \u00e7far\u00eb mund t\u00eb ndodh\u00eb n\u00eb t\u00eb ardhmen.<\/p>\n<p>Pas spektaklit t\u00eb djesh\u00ebm (e mart\u00eb), Egli i ka treguar nj\u00eb gj\u00eb Livia Brung\u00ebs. Ajo e ka v\u00ebn\u00eb re ngjashm\u00ebrin\u00eb mes dy djemve dhe e ka ndar\u00eb k\u00ebt\u00eb mendim me konkurenten.<\/p>\n<p>\u201cGjesti po m\u00eb kthen shum\u00eb n\u00eb koh\u00eb. Po m\u00eb kujton Olsin,\u201d shprehet ajo fillimisht. Kjo deklarat\u00eb ka \u00e7uar edhe m\u00eb shum\u00eb n\u00eb spekulime rreth ndjenjave q\u00eb ajo mund t\u00eb ket\u00eb p\u00ebr Gjestin. \u00c7far\u00eb do t\u00eb thot\u00eb kjo p\u00ebr t\u00eb ardhmen e marr\u00ebdh\u00ebnies s\u00eb tyre?<\/p>\n<p>&nbsp;<\/p>\n<p><img loading=\"lazy\" decoding=\"async\" class=\"wp-image-1612 alignnone size-full\" src=\"https:\/\/blogseyir.com\/wp\/wp-content\/uploads\/2025\/01\/image-27-20.jpg\" alt=\"\" width=\"750\" height=\"473\" \/><br \/>\nTutje, Egli thekson: \u201cShum\u00eb t\u00eb ngjash\u00ebm me mendime me tipin. Kur po flasim seriozisht, ai po m\u00eb tremb\u201d. K\u00ebto fjal\u00eb ndihmojn\u00eb n\u00eb krijimin e nj\u00eb imazhi m\u00eb t\u00eb thell\u00eb p\u00ebr Gjestin, i cili duket se p\u00ebrve\u00e7se i ngjason Olsit, ndan edhe nj\u00ebfar\u00eb intensiteti emocional q\u00eb e b\u00ebn Egli t\u00eb ndihet e frik\u00ebsuar.<\/p>\n<p>Nj\u00eb pyetje q\u00eb lind \u00ebsht\u00eb n\u00ebse ky afrimitet do t\u00eb zhvillohet n\u00eb di\u00e7ka m\u00eb shum\u00eb se miq\u00ebsi. Pritet t\u00eb shihet n\u00eb vazhdim n\u00ebse do t\u00eb nis\u00eb nj\u00eb lidhje dashurie mes tyre. T\u00eb gjith\u00eb po ndjekin me v\u00ebmendje \u00e7do hap t\u00eb marr\u00ebdh\u00ebnies s\u00eb tyre.<\/p>\n<p>Spekulimet e dashuris\u00eb nuk jan\u00eb t\u00eb pazakonta n\u00eb bot\u00ebn e reality show-ve, dhe ndjek\u00ebsit shpesh krijojn\u00eb narracione t\u00eb ndryshme p\u00ebr shoq\u00ebrin\u00eb dhe marr\u00ebdh\u00ebniet personale t\u00eb konkurrent\u00ebve. A mund t\u00eb jet\u00eb ky nj\u00eb rast tjet\u00ebr i nj\u00eb romani t\u00eb papritur q\u00eb do t\u00eb mbush\u00eb faqet e tabloideve dhe do t\u00eb ngjall\u00eb kureshtjen e fansave?<\/p>\n<p>Nd\u00ebrkoh\u00eb, Egli duket se \u00ebsht\u00eb e gatshme t\u00eb ndaj\u00eb k\u00ebto emocionet e saj dhe t\u00eb reflektoj\u00eb mbi vendimet e saj t\u00eb kaluara. Kjo mund t\u00eb jet\u00eb nj\u00eb mund\u00ebsi p\u00ebr t\u00eb gjetur nj\u00eb partner q\u00eb e kupton m\u00eb mir\u00eb, duke pasur parasysh p\u00ebrvojat e saj t\u00eb m\u00ebparshme me Olsin, dhe ndoshta duke u p\u00ebrgatitur p\u00ebr nj\u00eb kapitull t\u00eb ri n\u00eb jet\u00ebn e saj.<\/p>\n<p>&nbsp;<\/p>\n<p><img loading=\"lazy\" decoding=\"async\" class=\"wp-image-1613 alignnone size-full\" src=\"https:\/\/blogseyir.com\/wp\/wp-content\/uploads\/2025\/01\/image-27-21.jpg\" alt=\"\" width=\"750\" height=\"477\" \/><\/p>\n<p>Ajo q\u00eb e b\u00ebn k\u00ebt\u00eb situat\u00eb edhe m\u00eb interesante \u00ebsht\u00eb dinamika e reality show-ve, ku \u00e7dokush \u00ebsht\u00eb n\u00eb v\u00ebmendjen e kameras dhe \u00e7do moment mund t\u00eb jet\u00eb nj\u00eb mund\u00ebsi p\u00ebr dram\u00eb apo dashuri. Si do t\u00eb reagojn\u00eb ndjek\u00ebsit n\u00ebse marr\u00ebdh\u00ebnia mes Gjestin dhe Egli shnd\u00ebrrohet n\u00eb nj\u00eb romanc\u00eb t\u00eb natyrshme?<\/p>\n<p>Enigmatike si gjithmon\u00eb, Egli dhe Gjesti jan\u00eb protagonist\u00ebt e k\u00ebsaj historie q\u00eb po zhvillohet para syve t\u00eb t\u00eb gjith\u00eb atyre q\u00eb ndjekin show-in. \u00c7far\u00eb do t\u00eb ndodh\u00eb m\u00eb pas? Vet\u00ebm koha mund ta tregoj\u00eb.<\/p>\n<div id=\"blogs-1329522571\" class=\"blogs-adsense-after-kontent blogs-entity-placement\"><script async src=\"https:\/\/pagead2.googlesyndication.com\/pagead\/js\/adsbygoogle.js\"\r\n     crossorigin=\"anonymous\"><\/script>\r\n<!-- Tiranaread -->\r\n<ins class=\"adsbygoogle\"\r\n     style=\"display:inline-block;width:728px;height:90px\"\r\n     data-ad-client=\"ca-pub-2355142065052501\"\r\n\t data-page-url=\"https:\/\/blogseyir.com\"\r\n     data-ad-slot=\"7464751963\"><\/ins>\r\n<script>\r\n     (adsbygoogle = window.adsbygoogle || []).push({});\r\n<\/script><\/div>","protected":false},"excerpt":{"rendered":"<p>Egli Tako ka treguar nj\u00eb afrimitet t\u00eb madh k\u00ebto dit\u00eb me banorin e atij formati, Gjestin. &nbsp; Ata duket se kan\u00eb gjetur paqen me nj\u00ebri-tjetrin, ku po kuptohen shum\u00eb mir\u00eb bashk\u00eb. Nj\u00eb marr\u00ebdh\u00ebnie q\u00eb ka filluar me miq\u00ebsi dhe q\u00eb ka t\u00ebrhequr v\u00ebmendjen e shum\u00eb ndjek\u00ebsve t\u00eb programeve reality. Momentet e tyre t\u00eb p\u00ebrbashk\u00ebta kan\u00eb [&hellip;]<\/p>\n","protected":false},"author":1,"featured_media":7401,"comment_status":"open","ping_status":"closed","sticky":false,"template":"","format":"standard","meta":{"footnotes":""},"categories":[32],"tags":[52,206,67,216],"class_list":["post-7404","post","type-post","status-publish","format-standard","has-post-thumbnail","hentry","category-te-fundit","tag-bbva","tag-egli-tako","tag-gjesti","tag-olsi-bylyku"],"_links":{"self":[{"href":"https:\/\/blogseyir.com\/wp\/wp-json\/wp\/v2\/posts\/7404","targetHints":{"allow":["GET"]}}],"collection":[{"href":"https:\/\/blogseyir.com\/wp\/wp-json\/wp\/v2\/posts"}],"about":[{"href":"https:\/\/blogseyir.com\/wp\/wp-json\/wp\/v2\/types\/post"}],"author":[{"embeddable":true,"href":"https:\/\/blogseyir.com\/wp\/wp-json\/wp\/v2\/users\/1"}],"replies":[{"embeddable":true,"href":"https:\/\/blogseyir.com\/wp\/wp-json\/wp\/v2\/comments?post=7404"}],"version-history":[{"count":1,"href":"https:\/\/blogseyir.com\/wp\/wp-json\/wp\/v2\/posts\/7404\/revisions"}],"predecessor-version":[{"id":7405,"href":"https:\/\/blogseyir.com\/wp\/wp-json\/wp\/v2\/posts\/7404\/revisions\/7405"}],"wp:featuredmedia":[{"embeddable":true,"href":"https:\/\/blogseyir.com\/wp\/wp-json\/wp\/v2\/media\/7401"}],"wp:attachment":[{"href":"https:\/\/blogseyir.com\/wp\/wp-json\/wp\/v2\/media?parent=7404"}],"wp:term":[{"taxonomy":"category","embeddable":true,"href":"https:\/\/blogseyir.com\/wp\/wp-json\/wp\/v2\/categories?post=7404"},{"taxonomy":"post_tag","embeddable":true,"href":"https:\/\/blogseyir.com\/wp\/wp-json\/wp\/v2\/tags?post=7404"}],"curies":[{"name":"wp","href":"https:\/\/api.w.org\/{rel}","templated":true}]}}