{"id":7145,"date":"2025-01-12T20:49:22","date_gmt":"2025-01-12T20:49:22","guid":{"rendered":"https:\/\/blogseyir.com\/wp\/?p=7145"},"modified":"2025-01-12T20:49:24","modified_gmt":"2025-01-12T20:49:24","slug":"ngjarje-e-rende-ne-tirane-vrtet-me-ame-zjarri-nje-person-zbardhen-detaje","status":"publish","type":"post","link":"https:\/\/blogseyir.com\/wp\/ngjarje-e-rende-ne-tirane-vrtet-me-ame-zjarri-nje-person-zbardhen-detaje\/","title":{"rendered":"Ngjarje e r\u00ebnd\u00eb n\u00eb Tiran\u00eb, vr*tet me a*m\u00eb zjarri nj\u00eb person! Zbardhen detaje"},"content":{"rendered":"<p>Nj\u00eb ngjarje e r\u00ebnd\u00eb kriminale ka tronditur Tiran\u00ebn mbr\u00ebmjen e k\u00ebsaj t\u00eb diele, ku nj\u00eb person \u00ebsht\u00eb vrar\u00eb pran\u00eb zon\u00ebs s\u00eb Pallatit me Shigjeta. Burime nga policia konfirmojn\u00eb se viktima \u00ebsht\u00eb identifikuar si Bujar Nasufi.<\/p>\n<p>&nbsp;<\/p>\n<p><img loading=\"lazy\" decoding=\"async\" class=\"wp-image-1264 alignnone size-full\" src=\"https:\/\/blogseyir.com\/wp\/wp-content\/uploads\/2025\/01\/image-23-47.jpg\" alt=\"\" width=\"750\" height=\"509\" \/><\/p>\n<p>Ngjarja ka ndodhur rreth or\u00ebs 21:00 n\u00eb nj\u00eb nga zonat m\u00eb t\u00eb populluara t\u00eb kryeqytetit. Policia dhe grupi hetimor kan\u00eb mb\u00ebrritur menj\u00ebher\u00eb n\u00eb vendngjarje, nd\u00ebrsa zona \u00ebsht\u00eb rrethuar p\u00ebr t\u00eb kryer hetimet e para.<\/p>\n<p>D\u00ebshmitar\u00ebt n\u00eb vendngjarje tregojn\u00eb se kan\u00eb d\u00ebgjuar t\u00eb sht\u00ebna me arm\u00eb, duke shkaktuar panik tek qytetar\u00ebt q\u00eb ndodheshin pran\u00eb vendit t\u00eb ngjarjes. Ende nuk dihen motivet e krimit dhe autor\u00ebt jan\u00eb n\u00eb k\u00ebrkim nga policia.<\/p>\n<p>Forcat e rendit po mbledhin prova dhe po analizojn\u00eb pamjet e kamerave t\u00eb siguris\u00eb n\u00eb zon\u00eb p\u00ebr t\u00eb identifikuar dhe kapur autorin e dyshuar t\u00eb vrasjes. Nd\u00ebrkoh\u00eb, trupi i viktim\u00ebs \u00ebsht\u00eb d\u00ebrguar n\u00eb morg p\u00ebr ekspertiz\u00eb mjeko-ligjore.<\/p>\n<p>Policia b\u00ebn apel p\u00ebr qytetar\u00ebt q\u00eb mund t\u00eb ken\u00eb informacion mbi ngjarjen t\u00eb kontaktojn\u00eb autoritetet. Hetimet p\u00ebr zbardhjen e plot\u00eb t\u00eb rrethanave dhe motiveve t\u00eb krimit po vijojn\u00eb.<\/p>\n<p>Kjo ngjarje e r\u00ebnd\u00eb vjen n\u00eb nj\u00eb koh\u00eb kur n\u00eb vend po diskutohet p\u00ebr rritjen e siguris\u00eb publike dhe masa m\u00eb t\u00eb forta kund\u00ebr kriminalitetit n\u00eb qytetet kryesore t\u00eb Shqip\u00ebris\u00eb.<\/p>\n<p>&nbsp;<\/p>\n<div id=\"blogs-2422363472\" class=\"blogs-after-content blogs-entity-placement\"><div id=\"div-gpt-ad-1770230601260-0\" style=\"width:300px; height:600px;\"><\/div><\/div><div id=\"blogs-3889294448\" class=\"blogs-adsense-after-kontent blogs-entity-placement\"><script async src=\"https:\/\/pagead2.googlesyndication.com\/pagead\/js\/adsbygoogle.js\"\r\n     crossorigin=\"anonymous\"><\/script>\r\n<!-- Tiranaread -->\r\n<ins class=\"adsbygoogle\"\r\n     style=\"display:inline-block;width:728px;height:90px\"\r\n     data-ad-client=\"ca-pub-2355142065052501\"\r\n\t data-page-url=\"https:\/\/blogseyir.com\"\r\n     data-ad-slot=\"7464751963\"><\/ins>\r\n<script>\r\n     (adsbygoogle = window.adsbygoogle || []).push({});\r\n<\/script><\/div>","protected":false},"excerpt":{"rendered":"<p>Nj\u00eb ngjarje e r\u00ebnd\u00eb kriminale ka tronditur Tiran\u00ebn mbr\u00ebmjen e k\u00ebsaj t\u00eb diele, ku nj\u00eb person \u00ebsht\u00eb vrar\u00eb pran\u00eb zon\u00ebs s\u00eb Pallatit me Shigjeta. Burime nga policia konfirmojn\u00eb se viktima \u00ebsht\u00eb identifikuar si Bujar Nasufi. &nbsp; Ngjarja ka ndodhur rreth or\u00ebs 21:00 n\u00eb nj\u00eb nga zonat m\u00eb t\u00eb populluara t\u00eb kryeqytetit. Policia dhe grupi hetimor [&hellip;]<\/p>\n","protected":false},"author":1,"featured_media":7144,"comment_status":"open","ping_status":"closed","sticky":false,"template":"","format":"standard","meta":{"footnotes":""},"categories":[32],"tags":[55,40,49],"class_list":["post-7145","post","type-post","status-publish","format-standard","has-post-thumbnail","hentry","category-te-fundit","tag-ngjarje","tag-te-fundit","tag-tirane"],"_links":{"self":[{"href":"https:\/\/blogseyir.com\/wp\/wp-json\/wp\/v2\/posts\/7145","targetHints":{"allow":["GET"]}}],"collection":[{"href":"https:\/\/blogseyir.com\/wp\/wp-json\/wp\/v2\/posts"}],"about":[{"href":"https:\/\/blogseyir.com\/wp\/wp-json\/wp\/v2\/types\/post"}],"author":[{"embeddable":true,"href":"https:\/\/blogseyir.com\/wp\/wp-json\/wp\/v2\/users\/1"}],"replies":[{"embeddable":true,"href":"https:\/\/blogseyir.com\/wp\/wp-json\/wp\/v2\/comments?post=7145"}],"version-history":[{"count":1,"href":"https:\/\/blogseyir.com\/wp\/wp-json\/wp\/v2\/posts\/7145\/revisions"}],"predecessor-version":[{"id":7146,"href":"https:\/\/blogseyir.com\/wp\/wp-json\/wp\/v2\/posts\/7145\/revisions\/7146"}],"wp:featuredmedia":[{"embeddable":true,"href":"https:\/\/blogseyir.com\/wp\/wp-json\/wp\/v2\/media\/7144"}],"wp:attachment":[{"href":"https:\/\/blogseyir.com\/wp\/wp-json\/wp\/v2\/media?parent=7145"}],"wp:term":[{"taxonomy":"category","embeddable":true,"href":"https:\/\/blogseyir.com\/wp\/wp-json\/wp\/v2\/categories?post=7145"},{"taxonomy":"post_tag","embeddable":true,"href":"https:\/\/blogseyir.com\/wp\/wp-json\/wp\/v2\/tags?post=7145"}],"curies":[{"name":"wp","href":"https:\/\/api.w.org\/{rel}","templated":true}]}}