{"id":6972,"date":"2025-01-11T09:25:46","date_gmt":"2025-01-11T09:25:46","guid":{"rendered":"https:\/\/blogseyir.com\/wp\/?p=6972"},"modified":"2025-01-11T09:25:48","modified_gmt":"2025-01-11T09:25:48","slug":"po-jetojme-me-gjarperinj-meritoni-pranoi-ndarjen-nga-ilnisa-kjo-e-fundit-bene-reagimin-e-papritur-ne-rrjet","status":"publish","type":"post","link":"https:\/\/blogseyir.com\/wp\/po-jetojme-me-gjarperinj-meritoni-pranoi-ndarjen-nga-ilnisa-kjo-e-fundit-bene-reagimin-e-papritur-ne-rrjet\/","title":{"rendered":"&#8216;Po jetojm\u00eb me gjarp\u00ebrinj&#8230;&#8217; Meritoni pranoi ndarjen nga Ilnisa, kjo e fundit b\u00ebn\u00eb REAGIMIN E PAPRITUR n\u00eb rrjet!"},"content":{"rendered":"<p>Meritoni, nj\u00eb nga ish-banor\u00ebt m\u00eb t\u00eb komentuar t\u00eb Big Brother VIP Albania, ka folur s\u00eb fundmi p\u00ebr ndarjen e tij nga Ilnisa Agolli n\u00eb nj\u00eb intervist\u00eb p\u00ebr emisionin \u201cPrive\u201d.<\/p>\n<p>&nbsp;<\/p>\n<p><img loading=\"lazy\" decoding=\"async\" class=\"wp-image-1029 alignnone size-full\" src=\"https:\/\/blogseyir.com\/wp\/wp-content\/uploads\/2025\/01\/image-22-2.jpg\" alt=\"\" width=\"750\" height=\"416\" \/><\/p>\n<p>Ai ka theksuar se marr\u00ebdh\u00ebnia e tyre ka pasur nj\u00eb rrjedh\u00eb natyrale dhe gjith\u00e7ka ka qen\u00eb e sinqert\u00eb dhe reale.<\/p>\n<p>Lidhur me aludimet n\u00eb media p\u00ebr ndarjen, Meritoni konfirmoi se ato jan\u00eb t\u00eb v\u00ebrteta. Megjithat\u00eb, ai vendosi t\u00eb mos ndaj\u00eb detaje, duke theksuar se arsyet e ndarjes jan\u00eb \u00e7\u00ebshtje personale.<\/p>\n<p>Ai foli me respekt dhe mir\u00ebnjohje p\u00ebr Ilnis\u00ebn, duke e p\u00ebrshkruar si nj\u00eb grua t\u00eb jasht\u00ebzakonshme, nj\u00eb n\u00ebn\u00eb t\u00eb p\u00ebrkushtuar dhe nj\u00eb profesioniste t\u00eb shk\u00eblqyer.<\/p>\n<p>Mir\u00ebpo, duket se reagimi i Ilnis\u00ebs nuk ishte aq i k\u00ebndsh\u00ebm sa fjal\u00ebt e Meritonit p\u00ebr t\u00eb.<\/p>\n<p>Pasi intervista e k\u00ebtij t\u00eb fundit dhe deklratat e tij p\u00ebr ndarjen b\u00ebn\u00eb xhiron e rrjetit, Ilnisa b\u00ebri nj\u00eb postim n\u00eb InstaStory.<\/p>\n<p>Ajo ka ripostuar nj\u00eb video nga koha ku ndodhej brenda BBV, ku shprehej se \u00ebsht\u00eb m\u00ebsuar t\u00eb jetoj\u00eb me gjarp\u00ebrinjt\u00eb.<\/p>\n<p>\u201cDikur\u201d- ka shkruar gjithashtu Ilnisa n\u00eb postim, shoq\u00ebruar me emojin e nj\u00eb shkelje syri.<\/p>\n<p>https:\/\/streamable.com\/p4hfmx<\/p>\n<p>&nbsp;<\/p>\n<div id=\"blogs-72554907\" class=\"blogs-after-content blogs-entity-placement\"><div id=\"div-gpt-ad-1770230601260-0\" style=\"width:300px; height:600px;\"><\/div><\/div><div id=\"blogs-653565106\" class=\"blogs-adsense-after-kontent blogs-entity-placement\"><script async src=\"https:\/\/pagead2.googlesyndication.com\/pagead\/js\/adsbygoogle.js\"\r\n     crossorigin=\"anonymous\"><\/script>\r\n<!-- Tiranaread -->\r\n<ins class=\"adsbygoogle\"\r\n     style=\"display:inline-block;width:728px;height:90px\"\r\n     data-ad-client=\"ca-pub-2355142065052501\"\r\n\t data-page-url=\"https:\/\/blogseyir.com\"\r\n     data-ad-slot=\"7464751963\"><\/ins>\r\n<script>\r\n     (adsbygoogle = window.adsbygoogle || []).push({});\r\n<\/script><\/div>","protected":false},"excerpt":{"rendered":"<p>Meritoni, nj\u00eb nga ish-banor\u00ebt m\u00eb t\u00eb komentuar t\u00eb Big Brother VIP Albania, ka folur s\u00eb fundmi p\u00ebr ndarjen e tij nga Ilnisa Agolli n\u00eb nj\u00eb intervist\u00eb p\u00ebr emisionin \u201cPrive\u201d. &nbsp; Ai ka theksuar se marr\u00ebdh\u00ebnia e tyre ka pasur nj\u00eb rrjedh\u00eb natyrale dhe gjith\u00e7ka ka qen\u00eb e sinqert\u00eb dhe reale. Lidhur me aludimet n\u00eb media [&hellip;]<\/p>\n","protected":false},"author":1,"featured_media":6971,"comment_status":"open","ping_status":"closed","sticky":false,"template":"","format":"standard","meta":{"footnotes":""},"categories":[32],"tags":[52,187,460,461],"class_list":["post-6972","post","type-post","status-publish","format-standard","has-post-thumbnail","hentry","category-te-fundit","tag-bbva","tag-ilnisa-agolli","tag-meritoni","tag-ndarje"],"_links":{"self":[{"href":"https:\/\/blogseyir.com\/wp\/wp-json\/wp\/v2\/posts\/6972","targetHints":{"allow":["GET"]}}],"collection":[{"href":"https:\/\/blogseyir.com\/wp\/wp-json\/wp\/v2\/posts"}],"about":[{"href":"https:\/\/blogseyir.com\/wp\/wp-json\/wp\/v2\/types\/post"}],"author":[{"embeddable":true,"href":"https:\/\/blogseyir.com\/wp\/wp-json\/wp\/v2\/users\/1"}],"replies":[{"embeddable":true,"href":"https:\/\/blogseyir.com\/wp\/wp-json\/wp\/v2\/comments?post=6972"}],"version-history":[{"count":1,"href":"https:\/\/blogseyir.com\/wp\/wp-json\/wp\/v2\/posts\/6972\/revisions"}],"predecessor-version":[{"id":6973,"href":"https:\/\/blogseyir.com\/wp\/wp-json\/wp\/v2\/posts\/6972\/revisions\/6973"}],"wp:featuredmedia":[{"embeddable":true,"href":"https:\/\/blogseyir.com\/wp\/wp-json\/wp\/v2\/media\/6971"}],"wp:attachment":[{"href":"https:\/\/blogseyir.com\/wp\/wp-json\/wp\/v2\/media?parent=6972"}],"wp:term":[{"taxonomy":"category","embeddable":true,"href":"https:\/\/blogseyir.com\/wp\/wp-json\/wp\/v2\/categories?post=6972"},{"taxonomy":"post_tag","embeddable":true,"href":"https:\/\/blogseyir.com\/wp\/wp-json\/wp\/v2\/tags?post=6972"}],"curies":[{"name":"wp","href":"https:\/\/api.w.org\/{rel}","templated":true}]}}