{"id":6706,"date":"2025-01-09T09:29:56","date_gmt":"2025-01-09T09:29:56","guid":{"rendered":"https:\/\/blogseyir.com\/wp\/?p=6706"},"modified":"2025-01-09T09:29:58","modified_gmt":"2025-01-09T09:29:58","slug":"nate-e-zeze-aksidenti-tragjik-ne-aksin-korce-pogradec-i-merr-jeten-te-riut-shqiptar-zbardhen-detajet-e-renda","status":"publish","type":"post","link":"https:\/\/blogseyir.com\/wp\/nate-e-zeze-aksidenti-tragjik-ne-aksin-korce-pogradec-i-merr-jeten-te-riut-shqiptar-zbardhen-detajet-e-renda\/","title":{"rendered":"Nat\u00eb e zez\u00eb! Aksidenti tragjik n\u00eb aksin Korc\u00eb-Pogradec i merr jet\u00ebn t\u00eb riut shqiptar. Zbardhen detajet e r\u00ebnda"},"content":{"rendered":"<p>Mbr\u00ebmjen e djeshme, nj\u00eb aksident i r\u00ebnd\u00eb automobilistik \u00ebsht\u00eb regjistruar n\u00eb aksin rrugor \u201cKor\u00e7\u00eb-Pogradec\u201d, tek vendi i quajtur \u201cLapidari\u201d, n\u00eb afersi t\u00eb fshatit Podgorie.<\/p>\n<p>&nbsp;<\/p>\n<p><img loading=\"lazy\" decoding=\"async\" class=\"wp-image-685 alignnone size-full\" src=\"https:\/\/blogseyir.com\/wp\/wp-content\/uploads\/2025\/01\/image-18-5.jpg\" alt=\"\" width=\"750\" height=\"497\" \/><\/p>\n<p>Nj\u00eb automjet tip \u201cBMW\u201d, \u00ebsht\u00eb p\u00ebrplasur me nj\u00eb automjet tjet\u00ebr tip \u201cAudi\u201d. Si pasoj\u00eb e aksidentit, ka humbur jet\u00ebn n\u00eb vendin e ngjarjes shofer i mjetit \u201cBMW\u201d, shtetasi Aurel \u00c7ipi, 28-vje\u00e7 nga Pogradeci.<\/p>\n<p>Ai ka mbetur i bllokuar brenda automjetit t\u00eb tij, teksa sh\u00ebrbimit zjarrfik\u00ebs t\u00eb Maliqit, i jan\u00eb dashur mbi nj\u00eb or\u00eb p\u00ebr ta nxjerr\u00eb trupin nga makina.<\/p>\n<p>Nga aksidenti ka mbetur i plagosur dhe drejtuesi tjet\u00ebr i mjetit \u201cAudi\u201d K. L., i cili po merr ndihm\u00eb mjek\u00ebsore n\u00eb spital dhe m\u00ebsohet se ndodhet jasht\u00eb rrezikut p\u00ebr jet\u00ebn.<\/p>\n<p>Si\u00e7 shihet edhe nga fotot e m\u00ebposhtme, p\u00ebrplasja mes dy mjeteve ka qen\u00eb shum\u00eb e fort\u00eb, ku nj\u00eb prej makinave pothuajse \u00ebsht\u00eb shkat\u00ebrruar plot\u00ebsit.<\/p>\n<p>Grupi hetimor po punon p\u00ebr zbardhjen e plot\u00eb t\u00eb rrethanave t\u00eb aksidentit tragjik.<\/p>\n<p>&nbsp;<\/p>\n<div id=\"blogs-420805642\" class=\"blogs-after-content blogs-entity-placement\"><div id=\"div-gpt-ad-1770230601260-0\" style=\"width:300px; height:600px;\"><\/div><\/div><div id=\"blogs-2000439649\" class=\"blogs-adsense-after-kontent blogs-entity-placement\"><script async src=\"https:\/\/pagead2.googlesyndication.com\/pagead\/js\/adsbygoogle.js\"\r\n     crossorigin=\"anonymous\"><\/script>\r\n<!-- Tiranaread -->\r\n<ins class=\"adsbygoogle\"\r\n     style=\"display:inline-block;width:728px;height:90px\"\r\n     data-ad-client=\"ca-pub-2355142065052501\"\r\n\t data-page-url=\"https:\/\/blogseyir.com\"\r\n     data-ad-slot=\"7464751963\"><\/ins>\r\n<script>\r\n     (adsbygoogle = window.adsbygoogle || []).push({});\r\n<\/script><\/div>","protected":false},"excerpt":{"rendered":"<p>Mbr\u00ebmjen e djeshme, nj\u00eb aksident i r\u00ebnd\u00eb automobilistik \u00ebsht\u00eb regjistruar n\u00eb aksin rrugor \u201cKor\u00e7\u00eb-Pogradec\u201d, tek vendi i quajtur \u201cLapidari\u201d, n\u00eb afersi t\u00eb fshatit Podgorie. &nbsp; Nj\u00eb automjet tip \u201cBMW\u201d, \u00ebsht\u00eb p\u00ebrplasur me nj\u00eb automjet tjet\u00ebr tip \u201cAudi\u201d. Si pasoj\u00eb e aksidentit, ka humbur jet\u00ebn n\u00eb vendin e ngjarjes shofer i mjetit \u201cBMW\u201d, shtetasi Aurel \u00c7ipi, [&hellip;]<\/p>\n","protected":false},"author":1,"featured_media":6705,"comment_status":"open","ping_status":"closed","sticky":false,"template":"","format":"standard","meta":{"footnotes":""},"categories":[32],"tags":[437,183,43,40,41],"class_list":["post-6706","post","type-post","status-publish","format-standard","has-post-thumbnail","hentry","category-te-fundit","tag-28-vjecari","tag-aksident","tag-korce","tag-te-fundit","tag-vdekje"],"_links":{"self":[{"href":"https:\/\/blogseyir.com\/wp\/wp-json\/wp\/v2\/posts\/6706","targetHints":{"allow":["GET"]}}],"collection":[{"href":"https:\/\/blogseyir.com\/wp\/wp-json\/wp\/v2\/posts"}],"about":[{"href":"https:\/\/blogseyir.com\/wp\/wp-json\/wp\/v2\/types\/post"}],"author":[{"embeddable":true,"href":"https:\/\/blogseyir.com\/wp\/wp-json\/wp\/v2\/users\/1"}],"replies":[{"embeddable":true,"href":"https:\/\/blogseyir.com\/wp\/wp-json\/wp\/v2\/comments?post=6706"}],"version-history":[{"count":1,"href":"https:\/\/blogseyir.com\/wp\/wp-json\/wp\/v2\/posts\/6706\/revisions"}],"predecessor-version":[{"id":6707,"href":"https:\/\/blogseyir.com\/wp\/wp-json\/wp\/v2\/posts\/6706\/revisions\/6707"}],"wp:featuredmedia":[{"embeddable":true,"href":"https:\/\/blogseyir.com\/wp\/wp-json\/wp\/v2\/media\/6705"}],"wp:attachment":[{"href":"https:\/\/blogseyir.com\/wp\/wp-json\/wp\/v2\/media?parent=6706"}],"wp:term":[{"taxonomy":"category","embeddable":true,"href":"https:\/\/blogseyir.com\/wp\/wp-json\/wp\/v2\/categories?post=6706"},{"taxonomy":"post_tag","embeddable":true,"href":"https:\/\/blogseyir.com\/wp\/wp-json\/wp\/v2\/tags?post=6706"}],"curies":[{"name":"wp","href":"https:\/\/api.w.org\/{rel}","templated":true}]}}