{"id":6703,"date":"2025-01-09T09:16:15","date_gmt":"2025-01-09T09:16:15","guid":{"rendered":"https:\/\/blogseyir.com\/wp\/?p=6703"},"modified":"2025-01-09T09:16:18","modified_gmt":"2025-01-09T09:16:18","slug":"pas-bujes-se-madhe-reagojne-menjehere-familjaret-e-gjestit-pas-hyrjes-se-tij-ne-bbva-jemi-pa-fjale-per","status":"publish","type":"post","link":"https:\/\/blogseyir.com\/wp\/pas-bujes-se-madhe-reagojne-menjehere-familjaret-e-gjestit-pas-hyrjes-se-tij-ne-bbva-jemi-pa-fjale-per\/","title":{"rendered":"Pas &#8216;BUJES&#8217; se madhe reagojn\u00eb menjehere familjaret e Gjestit pas hyrjes s\u00eb tij n\u00eb BBVA: \u201cJemi pa fjal\u00eb per&#8230;\u201d"},"content":{"rendered":"<h2>T\u00eb af\u00ebrmit e Gjestit kan\u00eb reaguar p\u00ebr her\u00eb t\u00eb par\u00eb pasi k\u00ebng\u00ebtari iu bashkua sht\u00ebpis\u00eb s\u00eb Big Brother VIP Albania, 24 or\u00eb pas largimit nga Big Brother VIP Kosova.<\/h2>\n<p><img loading=\"lazy\" decoding=\"async\" class=\"wp-image-681 alignnone size-full\" src=\"https:\/\/blogseyir.com\/wp\/wp-content\/uploads\/2025\/01\/B780ED8F-9FB4-4225-B458-470DA178148D.jpg\" alt=\"\" width=\"750\" height=\"383\" \/><\/p>\n<p>N\u00eb nj\u00eb postim n\u00eb llogarin\u00eb e Gjestit n\u00eb Instagram, t\u00eb af\u00ebrmit shkruajn\u00eb se jan\u00eb pa fjal\u00eb p\u00ebr gjith\u00eb mb\u00ebshtetjen e madhe q\u00eb si po merr.<\/p>\n<p>\u201cJemi pa fjal\u00eb nga p\u00ebrkrahja dhe dashuria q\u00eb ju publik i dashur i keni dh\u00ebn\u00eb Gjestit gjat\u00eb k\u00ebtij rrug\u00ebtimi,<\/p>\n<p>e po vazhdoni ende t\u2019a p\u00ebrkrahni Gjestin dhe loj\u00ebn e tij, jemi p\u00ebrjet\u00ebsisht fal\u00ebnderues p\u00ebr mesazhet e panum\u00ebrta, e p\u00ebr p\u00ebrkrahjen q\u00eb nuk po e kurseni asnj\u00ebher\u00eb, e p\u00ebrkundrazi vet\u00ebm po shtohet \u00e7do dit\u00eb e m\u00eb shum\u00eb.<\/p>\n<p>Gjesti ju do shum\u00eb, vazhdoni t\u2019a ndjekni e t\u2019a p\u00ebrkrahni si\u00e7 edhe keni b\u00ebr\u00eb deri tash.\u201d thuhet n\u00eb postim.<\/p>\n<p><img loading=\"lazy\" decoding=\"async\" class=\"wp-image-682 alignnone size-full\" src=\"https:\/\/blogseyir.com\/wp\/wp-content\/uploads\/2025\/01\/23AC5BFC-4DE3-43F8-810C-8337D7E43E87.jpg\" alt=\"\" width=\"433\" height=\"750\" \/><\/p>\n<div id=\"blogs-710704733\" class=\"blogs-after-content blogs-entity-placement\"><div id=\"div-gpt-ad-1770230601260-0\" style=\"width:300px; height:600px;\"><\/div><\/div><div id=\"blogs-2865189423\" class=\"blogs-adsense-after-kontent blogs-entity-placement\"><script async src=\"https:\/\/pagead2.googlesyndication.com\/pagead\/js\/adsbygoogle.js\"\r\n     crossorigin=\"anonymous\"><\/script>\r\n<!-- Tiranaread -->\r\n<ins class=\"adsbygoogle\"\r\n     style=\"display:inline-block;width:728px;height:90px\"\r\n     data-ad-client=\"ca-pub-2355142065052501\"\r\n\t data-page-url=\"https:\/\/blogseyir.com\"\r\n     data-ad-slot=\"7464751963\"><\/ins>\r\n<script>\r\n     (adsbygoogle = window.adsbygoogle || []).push({});\r\n<\/script><\/div>","protected":false},"excerpt":{"rendered":"<p>T\u00eb af\u00ebrmit e Gjestit kan\u00eb reaguar p\u00ebr her\u00eb t\u00eb par\u00eb pasi k\u00ebng\u00ebtari iu bashkua sht\u00ebpis\u00eb s\u00eb Big Brother VIP Albania, 24 or\u00eb pas largimit nga Big Brother VIP Kosova. N\u00eb nj\u00eb postim n\u00eb llogarin\u00eb e Gjestit n\u00eb Instagram, t\u00eb af\u00ebrmit shkruajn\u00eb se jan\u00eb pa fjal\u00eb p\u00ebr gjith\u00eb mb\u00ebshtetjen e madhe q\u00eb si po merr. \u201cJemi [&hellip;]<\/p>\n","protected":false},"author":1,"featured_media":6701,"comment_status":"open","ping_status":"closed","sticky":false,"template":"","format":"standard","meta":{"footnotes":""},"categories":[33],"tags":[92,67],"class_list":["post-6703","post","type-post","status-publish","format-standard","has-post-thumbnail","hentry","category-showbizi","tag-bbv4","tag-gjesti"],"_links":{"self":[{"href":"https:\/\/blogseyir.com\/wp\/wp-json\/wp\/v2\/posts\/6703","targetHints":{"allow":["GET"]}}],"collection":[{"href":"https:\/\/blogseyir.com\/wp\/wp-json\/wp\/v2\/posts"}],"about":[{"href":"https:\/\/blogseyir.com\/wp\/wp-json\/wp\/v2\/types\/post"}],"author":[{"embeddable":true,"href":"https:\/\/blogseyir.com\/wp\/wp-json\/wp\/v2\/users\/1"}],"replies":[{"embeddable":true,"href":"https:\/\/blogseyir.com\/wp\/wp-json\/wp\/v2\/comments?post=6703"}],"version-history":[{"count":1,"href":"https:\/\/blogseyir.com\/wp\/wp-json\/wp\/v2\/posts\/6703\/revisions"}],"predecessor-version":[{"id":6704,"href":"https:\/\/blogseyir.com\/wp\/wp-json\/wp\/v2\/posts\/6703\/revisions\/6704"}],"wp:featuredmedia":[{"embeddable":true,"href":"https:\/\/blogseyir.com\/wp\/wp-json\/wp\/v2\/media\/6701"}],"wp:attachment":[{"href":"https:\/\/blogseyir.com\/wp\/wp-json\/wp\/v2\/media?parent=6703"}],"wp:term":[{"taxonomy":"category","embeddable":true,"href":"https:\/\/blogseyir.com\/wp\/wp-json\/wp\/v2\/categories?post=6703"},{"taxonomy":"post_tag","embeddable":true,"href":"https:\/\/blogseyir.com\/wp\/wp-json\/wp\/v2\/tags?post=6703"}],"curies":[{"name":"wp","href":"https:\/\/api.w.org\/{rel}","templated":true}]}}