{"id":6532,"date":"2025-01-07T16:49:58","date_gmt":"2025-01-07T16:49:58","guid":{"rendered":"https:\/\/blogseyir.com\/wp\/?p=6532"},"modified":"2025-01-07T16:50:01","modified_gmt":"2025-01-07T16:50:01","slug":"cfare-po-ndodh-mes-sares-dhe-dj-pm-ky-detaj-ngren-dyshime-te-medha-ne-rrjet","status":"publish","type":"post","link":"https:\/\/blogseyir.com\/wp\/cfare-po-ndodh-mes-sares-dhe-dj-pm-ky-detaj-ngren-dyshime-te-medha-ne-rrjet\/","title":{"rendered":"Cfar\u00eb po ndodh mes Sar\u00ebs dhe Dj PM? Ky detaj ngren DYSHIME TE MEDHA n\u00eb rrjet"},"content":{"rendered":"<p>Dj Pm dhe Sarah Berisha jan\u00eb nd\u00ebr \u00e7iftet m\u00eb t\u00eb dashura p\u00ebr publikun<\/p>\n<p>&nbsp;<\/p>\n<p><img loading=\"lazy\" decoding=\"async\" class=\"wp-image-467 alignnone size-full\" src=\"https:\/\/blogseyir.com\/wp\/wp-content\/uploads\/2025\/01\/image-13-1.jpg\" alt=\"\" width=\"750\" height=\"516\" \/><\/p>\n<p>Dyshja n\u00eb fjal\u00eb kan\u00eb vendosur t\u00eb nj\u00ebjt\u00ebn foto n\u00eb profilin e tyre n\u00eb instagram, shkruan Kosovarja.<\/p>\n<p>Ndon\u00ebse nuk publikojn\u00eb shpesh foto bashk\u00eb, kjo ndoshta p\u00ebrshkak t\u00eb distanc\u00ebs\u2026.<\/p>\n<p>&nbsp;<\/p>\n<p><img loading=\"lazy\" decoding=\"async\" class=\"wp-image-466 alignnone size-full\" src=\"https:\/\/blogseyir.com\/wp\/wp-content\/uploads\/2025\/01\/image-12.png\" alt=\"\" width=\"750\" height=\"345\" \/><\/p>\n<p>A do t\u00eb ket\u00eb das\u00ebm k\u00ebt\u00eb vit nga \u00e7ifti simpatik, \u00ebsht\u00eb dilema q\u00eb po komentohet kaq shum\u00eb nga ndjek\u00ebsit e tyre.<\/p>\n<div id=\"blogs-3781150022\" class=\"blogs-adsense-after-kontent blogs-entity-placement\"><script async src=\"https:\/\/pagead2.googlesyndication.com\/pagead\/js\/adsbygoogle.js\"\r\n     crossorigin=\"anonymous\"><\/script>\r\n<!-- Tiranaread -->\r\n<ins class=\"adsbygoogle\"\r\n     style=\"display:inline-block;width:728px;height:90px\"\r\n     data-ad-client=\"ca-pub-2355142065052501\"\r\n\t data-page-url=\"https:\/\/blogseyir.com\"\r\n     data-ad-slot=\"7464751963\"><\/ins>\r\n<script>\r\n     (adsbygoogle = window.adsbygoogle || []).push({});\r\n<\/script><\/div>","protected":false},"excerpt":{"rendered":"<p>Dj Pm dhe Sarah Berisha jan\u00eb nd\u00ebr \u00e7iftet m\u00eb t\u00eb dashura p\u00ebr publikun &nbsp; Dyshja n\u00eb fjal\u00eb kan\u00eb vendosur t\u00eb nj\u00ebjt\u00ebn foto n\u00eb profilin e tyre n\u00eb instagram, shkruan Kosovarja. Ndon\u00ebse nuk publikojn\u00eb shpesh foto bashk\u00eb, kjo ndoshta p\u00ebrshkak t\u00eb distanc\u00ebs\u2026. &nbsp; A do t\u00eb ket\u00eb das\u00ebm k\u00ebt\u00eb vit nga \u00e7ifti simpatik, \u00ebsht\u00eb dilema q\u00eb [&hellip;]<\/p>\n","protected":false},"author":1,"featured_media":6530,"comment_status":"open","ping_status":"closed","sticky":false,"template":"","format":"standard","meta":{"footnotes":""},"categories":[32],"tags":[420,419],"class_list":["post-6532","post","type-post","status-publish","format-standard","has-post-thumbnail","hentry","category-te-fundit","tag-dj-pm","tag-sarah-berisha"],"_links":{"self":[{"href":"https:\/\/blogseyir.com\/wp\/wp-json\/wp\/v2\/posts\/6532","targetHints":{"allow":["GET"]}}],"collection":[{"href":"https:\/\/blogseyir.com\/wp\/wp-json\/wp\/v2\/posts"}],"about":[{"href":"https:\/\/blogseyir.com\/wp\/wp-json\/wp\/v2\/types\/post"}],"author":[{"embeddable":true,"href":"https:\/\/blogseyir.com\/wp\/wp-json\/wp\/v2\/users\/1"}],"replies":[{"embeddable":true,"href":"https:\/\/blogseyir.com\/wp\/wp-json\/wp\/v2\/comments?post=6532"}],"version-history":[{"count":1,"href":"https:\/\/blogseyir.com\/wp\/wp-json\/wp\/v2\/posts\/6532\/revisions"}],"predecessor-version":[{"id":6533,"href":"https:\/\/blogseyir.com\/wp\/wp-json\/wp\/v2\/posts\/6532\/revisions\/6533"}],"wp:featuredmedia":[{"embeddable":true,"href":"https:\/\/blogseyir.com\/wp\/wp-json\/wp\/v2\/media\/6530"}],"wp:attachment":[{"href":"https:\/\/blogseyir.com\/wp\/wp-json\/wp\/v2\/media?parent=6532"}],"wp:term":[{"taxonomy":"category","embeddable":true,"href":"https:\/\/blogseyir.com\/wp\/wp-json\/wp\/v2\/categories?post=6532"},{"taxonomy":"post_tag","embeddable":true,"href":"https:\/\/blogseyir.com\/wp\/wp-json\/wp\/v2\/tags?post=6532"}],"curies":[{"name":"wp","href":"https:\/\/api.w.org\/{rel}","templated":true}]}}