{"id":6398,"date":"2025-01-06T09:51:07","date_gmt":"2025-01-06T09:51:07","guid":{"rendered":"https:\/\/blogseyir.com\/wp\/?p=6398"},"modified":"2025-01-06T09:51:14","modified_gmt":"2025-01-06T09:51:14","slug":"mamaja-e-kevinit-bene-reagimin-e-papritur-pas-ndarjes-se-djalit-te-saj-nga-ana","status":"publish","type":"post","link":"https:\/\/blogseyir.com\/wp\/mamaja-e-kevinit-bene-reagimin-e-papritur-pas-ndarjes-se-djalit-te-saj-nga-ana\/","title":{"rendered":"Mamaja e Kevinit b\u00ebn\u00eb REAGIMIN E PAPRITUR pas ndarjes s\u00eb djalit t\u00eb saj nga Ana"},"content":{"rendered":"<p>Ndarja mes Anes dhe Kevinit erdhi papritur p\u00ebr fansat e dyshes.<\/p>\n<p>&nbsp;<\/p>\n<p><img loading=\"lazy\" decoding=\"async\" class=\"wp-image-3140 alignnone size-full\" src=\"https:\/\/blogseyir.com\/wp\/wp-content\/uploads\/2025\/01\/image-9-16.jpg\" alt=\"\" width=\"750\" height=\"493\" \/><\/p>\n<p>Mir\u00ebpo duket se nuk \u00ebsht\u00eb di\u00e7ka shum\u00eb serioze.<\/p>\n<p>&nbsp;<\/p>\n<p><img loading=\"lazy\" decoding=\"async\" class=\"wp-image-3139 alignnone size-full\" src=\"https:\/\/blogseyir.com\/wp\/wp-content\/uploads\/2025\/01\/image-9-15.jpg\" alt=\"\" width=\"413\" height=\"750\" \/><\/p>\n<p>E \u00ebma e Kevinit p\u00ebrmes nj\u00eb storje t\u00eb postuar n\u00eb Instagram i informoi ndjek\u00ebsit se kan\u00eb pasur konfilkt por \u2018do b\u00ebhet mir\u00eb\u2019.<\/p>\n<p>Postimi i plot\u00eb m\u00eb posht\u00eb.<\/p>\n<div id=\"blogs-3330849802\" class=\"blogs-after-content blogs-entity-placement\"><div id=\"div-gpt-ad-1770230601260-0\" style=\"width:300px; height:600px;\"><\/div><\/div><div id=\"blogs-1820944871\" class=\"blogs-adsense-after-kontent blogs-entity-placement\"><script async src=\"https:\/\/pagead2.googlesyndication.com\/pagead\/js\/adsbygoogle.js\"\r\n     crossorigin=\"anonymous\"><\/script>\r\n<!-- Tiranaread -->\r\n<ins class=\"adsbygoogle\"\r\n     style=\"display:inline-block;width:728px;height:90px\"\r\n     data-ad-client=\"ca-pub-2355142065052501\"\r\n\t data-page-url=\"https:\/\/blogseyir.com\"\r\n     data-ad-slot=\"7464751963\"><\/ins>\r\n<script>\r\n     (adsbygoogle = window.adsbygoogle || []).push({});\r\n<\/script><\/div>","protected":false},"excerpt":{"rendered":"<p>Ndarja mes Anes dhe Kevinit erdhi papritur p\u00ebr fansat e dyshes. &nbsp; Mir\u00ebpo duket se nuk \u00ebsht\u00eb di\u00e7ka shum\u00eb serioze. &nbsp; E \u00ebma e Kevinit p\u00ebrmes nj\u00eb storje t\u00eb postuar n\u00eb Instagram i informoi ndjek\u00ebsit se kan\u00eb pasur konfilkt por \u2018do b\u00ebhet mir\u00eb\u2019. Postimi i plot\u00eb m\u00eb posht\u00eb.<\/p>\n","protected":false},"author":1,"featured_media":6396,"comment_status":"open","ping_status":"closed","sticky":false,"template":"","format":"standard","meta":{"footnotes":""},"categories":[32],"tags":[108,69,400,401],"class_list":["post-6398","post","type-post","status-publish","format-standard","has-post-thumbnail","hentry","category-te-fundit","tag-ana","tag-bbvk","tag-kevin","tag-mamaja-e-kevinit"],"_links":{"self":[{"href":"https:\/\/blogseyir.com\/wp\/wp-json\/wp\/v2\/posts\/6398","targetHints":{"allow":["GET"]}}],"collection":[{"href":"https:\/\/blogseyir.com\/wp\/wp-json\/wp\/v2\/posts"}],"about":[{"href":"https:\/\/blogseyir.com\/wp\/wp-json\/wp\/v2\/types\/post"}],"author":[{"embeddable":true,"href":"https:\/\/blogseyir.com\/wp\/wp-json\/wp\/v2\/users\/1"}],"replies":[{"embeddable":true,"href":"https:\/\/blogseyir.com\/wp\/wp-json\/wp\/v2\/comments?post=6398"}],"version-history":[{"count":1,"href":"https:\/\/blogseyir.com\/wp\/wp-json\/wp\/v2\/posts\/6398\/revisions"}],"predecessor-version":[{"id":6399,"href":"https:\/\/blogseyir.com\/wp\/wp-json\/wp\/v2\/posts\/6398\/revisions\/6399"}],"wp:featuredmedia":[{"embeddable":true,"href":"https:\/\/blogseyir.com\/wp\/wp-json\/wp\/v2\/media\/6396"}],"wp:attachment":[{"href":"https:\/\/blogseyir.com\/wp\/wp-json\/wp\/v2\/media?parent=6398"}],"wp:term":[{"taxonomy":"category","embeddable":true,"href":"https:\/\/blogseyir.com\/wp\/wp-json\/wp\/v2\/categories?post=6398"},{"taxonomy":"post_tag","embeddable":true,"href":"https:\/\/blogseyir.com\/wp\/wp-json\/wp\/v2\/tags?post=6398"}],"curies":[{"name":"wp","href":"https:\/\/api.w.org\/{rel}","templated":true}]}}