{"id":6358,"date":"2025-01-05T19:57:32","date_gmt":"2025-01-05T19:57:32","guid":{"rendered":"https:\/\/blogseyir.com\/wp\/?p=6358"},"modified":"2025-01-05T19:57:34","modified_gmt":"2025-01-05T19:57:34","slug":"shko-ne-hale-plas-sherri-mes-dy-banoreve-ne-bbv-nuk-jemi-ketu-per-te-zgjidhur-p","status":"publish","type":"post","link":"https:\/\/blogseyir.com\/wp\/shko-ne-hale-plas-sherri-mes-dy-banoreve-ne-bbv-nuk-jemi-ketu-per-te-zgjidhur-p\/","title":{"rendered":"\u201cShko n\u00eb hale\u2026\u201d, plas sherri mes dy banoreve n\u00eb \u201cBBV\u201d: Nuk jemi k\u00ebtu p\u00ebr t\u00eb zgjidhur p&#8230;"},"content":{"rendered":"<h2>Nominimi i Arsid\u00ebs ka sjell\u00eb z\u00ebnka n\u00eb sht\u00ebpin\u00eb e \u201cBig Brother Vip\u201d, k\u00ebsaj here me modelen Danja Kok\u00ebn.<\/h2>\n<p><img loading=\"lazy\" decoding=\"async\" class=\"wp-image-3089 alignnone size-full\" src=\"https:\/\/blogseyir.com\/wp\/wp-content\/uploads\/2025\/01\/67E21017-EF65-4458-9D54-AEBBDE72480F.jpg\" alt=\"\" width=\"750\" height=\"371\" \/><\/p>\n<p>Mbr\u00ebmjen e kaluar, Arsida u revoltua me faktin q\u00eb emri i saj \u00ebsht\u00eb tek lista e t\u00eb nominuarve p\u00ebr t\u2019u p\u00ebrjashtuar nga sht\u00ebpia, gj\u00eb q\u00eb solli p\u00ebrplasjet e para me Danjen,<\/p>\n<p>pasi kjo e fundit i k\u00ebrkoi asaj q\u00eb t\u00eb mos b\u00ebrtiste, por Arsida u shpreh ndaj modeles q\u00eb n\u00ebse nuk e duronte dot \u201ct\u00eb shkonte n\u00eb hale\u201d.<\/p>\n<p><img loading=\"lazy\" decoding=\"async\" class=\"wp-image-3090 alignnone size-full\" src=\"https:\/\/blogseyir.com\/wp\/wp-content\/uploads\/2025\/01\/BF146CE4-8F08-43EC-AC66-8653ADF2E078.jpg\" alt=\"\" width=\"750\" height=\"422\" \/><\/p>\n<p>Ky diskutim i tyre ka vijuar dhe sot, teksa Danja u shpreh ndaj banores se budalliqet jan\u00eb pjes\u00eb e kutur\u00ebs s\u00eb Arsid\u00ebs dhe jo saj.<\/p>\n<p>Danja: Po flisja me ata, s\u2019 po flisja me ty. Po t\u00eb shoh n\u00eb sy e po t\u00eb them, t\u00eb lutem shum\u00eb, emrin tim mos e p\u00ebrmend m\u00eb. Kaq. E mbylla me ty. Ti mund t\u00eb b\u00ebsh zhurmuesin po do ngjash shum\u00eb keq.<br \/>\nArsida: Pse po e b\u00ebn zhurmuesin ti?<\/p>\n<p>Danja: Un\u00eb t\u00eb thash ul z\u00ebrin.<\/p>\n<p>Arsida: N\u00eb 10 fjal\u00eb q\u00eb the dje, 20 i kishe ofendime.<\/p>\n<p>Danja: Nuk kam nd\u00ebrmend t\u00eb t\u00eb kthehem m\u00eb se ka kamera. Budalliqet jan\u00eb pjes\u00eb e kultur\u00ebs t\u00ebnde, jo e imja. Shko n\u00eb hale mos m\u00eb thuaj mua, mos guxo t\u00eb m\u00eb thuash mua.<\/p>\n<p>Arsida: Halja \u00ebsht\u00eb i vetmi ambient ku \u00ebsht\u00eb i qet\u00eb. T\u00eb shqet\u00ebson fjalia dhe volumi im, shko rri n\u00eb qet\u00ebsi n\u00eb hale, sepse \u00ebsht\u00eb i vetmi vend ku mund t\u00eb rrish ne qet\u00ebsi.<\/p>\n<p>Kund\u00ebrshtimi i m\u00ebtejsh\u00ebm i Arsid\u00ebs b\u00ebri q\u00eb Danja ta cil\u00ebsonte banoren si nj\u00eb person me probleme inferioteti, teksa shtoi \u201ck\u00ebshtu q\u00eb, dil, sqaroi jasht\u00eb, kuroji jasht\u00eb, sepse \u00ebsht\u00eb e r\u00ebnd\u00ebsishme t\u2019i kurosh p\u00ebr vete.\u201d Nj\u00eb ironi e till\u00eb nuk u p\u00eblqye aspak nga Arsida, e cila vijoi duke e pyetur po me \u201cthumbim\u201d se \u00e7far\u00eb probleme ka Danja, por kjo e fundit u shpreh se \u00ebsht\u00eb si kokrra e moll\u00ebs.<br \/>\nDanja: Ti ke probleme t\u00eb thella inferioriteti. K\u00ebshtu q\u00eb, dil, sqaroi jasht\u00eb, kuroji jasht\u00eb, sepse \u00ebsht\u00eb e r\u00ebnd\u00ebsishme t\u2019i kurosh p\u00ebr vete.<\/p>\n<p>Arsida: Ti \u00e7far\u00eb problemesh ke p\u00ebr vete?<\/p>\n<p>Danja: Un\u00eb nuk kam asnj\u00eb problem. E di si jam un\u00eb? Un\u00eb jam qelibar\u00eb.<\/p>\n<p>Arsida: Duket.<\/p>\n<p>Danja: Un\u00eb jam si kokrra e moll\u00ebs. Them mos u merr me \u2018t\u00eb (me Arsid\u00ebn), sepse nuk kam fytyr\u00eb pastaj t\u2019i dal daj\u00ebs tim, dhe gruas s\u00eb daj\u00ebs, para.<\/p>\n<p>Arsida: Ti the qen, merr ila\u00e7e\u2026<\/p>\n<div id=\"blogs-1969435103\" class=\"blogs-after-content blogs-entity-placement\"><div id=\"div-gpt-ad-1770230601260-0\" style=\"width:300px; height:600px;\"><\/div><\/div><div id=\"blogs-4102804022\" class=\"blogs-adsense-after-kontent blogs-entity-placement\"><script async src=\"https:\/\/pagead2.googlesyndication.com\/pagead\/js\/adsbygoogle.js\"\r\n     crossorigin=\"anonymous\"><\/script>\r\n<!-- Tiranaread -->\r\n<ins class=\"adsbygoogle\"\r\n     style=\"display:inline-block;width:728px;height:90px\"\r\n     data-ad-client=\"ca-pub-2355142065052501\"\r\n\t data-page-url=\"https:\/\/blogseyir.com\"\r\n     data-ad-slot=\"7464751963\"><\/ins>\r\n<script>\r\n     (adsbygoogle = window.adsbygoogle || []).push({});\r\n<\/script><\/div>","protected":false},"excerpt":{"rendered":"<p>Nominimi i Arsid\u00ebs ka sjell\u00eb z\u00ebnka n\u00eb sht\u00ebpin\u00eb e \u201cBig Brother Vip\u201d, k\u00ebsaj here me modelen Danja Kok\u00ebn. Mbr\u00ebmjen e kaluar, Arsida u revoltua me faktin q\u00eb emri i saj \u00ebsht\u00eb tek lista e t\u00eb nominuarve p\u00ebr t\u2019u p\u00ebrjashtuar nga sht\u00ebpia, gj\u00eb q\u00eb solli p\u00ebrplasjet e para me Danjen, pasi kjo e fundit i k\u00ebrkoi [&hellip;]<\/p>\n","protected":false},"author":1,"featured_media":6356,"comment_status":"open","ping_status":"closed","sticky":false,"template":"","format":"standard","meta":{"footnotes":""},"categories":[33],"tags":[391,92,392],"class_list":["post-6358","post","type-post","status-publish","format-standard","has-post-thumbnail","hentry","category-showbizi","tag-arsida","tag-bbv4","tag-danja"],"_links":{"self":[{"href":"https:\/\/blogseyir.com\/wp\/wp-json\/wp\/v2\/posts\/6358","targetHints":{"allow":["GET"]}}],"collection":[{"href":"https:\/\/blogseyir.com\/wp\/wp-json\/wp\/v2\/posts"}],"about":[{"href":"https:\/\/blogseyir.com\/wp\/wp-json\/wp\/v2\/types\/post"}],"author":[{"embeddable":true,"href":"https:\/\/blogseyir.com\/wp\/wp-json\/wp\/v2\/users\/1"}],"replies":[{"embeddable":true,"href":"https:\/\/blogseyir.com\/wp\/wp-json\/wp\/v2\/comments?post=6358"}],"version-history":[{"count":1,"href":"https:\/\/blogseyir.com\/wp\/wp-json\/wp\/v2\/posts\/6358\/revisions"}],"predecessor-version":[{"id":6359,"href":"https:\/\/blogseyir.com\/wp\/wp-json\/wp\/v2\/posts\/6358\/revisions\/6359"}],"wp:featuredmedia":[{"embeddable":true,"href":"https:\/\/blogseyir.com\/wp\/wp-json\/wp\/v2\/media\/6356"}],"wp:attachment":[{"href":"https:\/\/blogseyir.com\/wp\/wp-json\/wp\/v2\/media?parent=6358"}],"wp:term":[{"taxonomy":"category","embeddable":true,"href":"https:\/\/blogseyir.com\/wp\/wp-json\/wp\/v2\/categories?post=6358"},{"taxonomy":"post_tag","embeddable":true,"href":"https:\/\/blogseyir.com\/wp\/wp-json\/wp\/v2\/tags?post=6358"}],"curies":[{"name":"wp","href":"https:\/\/api.w.org\/{rel}","templated":true}]}}