{"id":6350,"date":"2025-01-05T18:27:51","date_gmt":"2025-01-05T18:27:51","guid":{"rendered":"https:\/\/blogseyir.com\/wp\/?p=6350"},"modified":"2025-01-05T18:27:52","modified_gmt":"2025-01-05T18:27:52","slug":"flet-per-here-te-pare-atilla-pse-nuk-i-la-femijet-te-hyne-ne-bbvk-une-jom-marr-vesh-me","status":"publish","type":"post","link":"https:\/\/blogseyir.com\/wp\/flet-per-here-te-pare-atilla-pse-nuk-i-la-femijet-te-hyne-ne-bbvk-une-jom-marr-vesh-me\/","title":{"rendered":"Flet per here te pare Atilla, pse nuk i la f\u00ebmij\u00ebt t\u00eb hyn\u00eb n\u00eb \u2018BBVK\u2019? Une jom marr vesh me&#8230;"},"content":{"rendered":"<h2>I ftuari i sot\u00ebm n\u00eb \u2018Big talk\u2019 ishte Atilla Kardesh.<\/h2>\n<p><img loading=\"lazy\" decoding=\"async\" class=\"wp-image-3067 alignnone size-full\" src=\"https:\/\/blogseyir.com\/wp\/wp-content\/uploads\/2025\/01\/DFC076BC-BB50-46CD-A26D-86C95ACAA6A3.jpg\" alt=\"\" width=\"750\" height=\"418\" \/><\/p>\n<p>Ai u b\u00eb kryelajm pasi nuk lejoi t\u00eb hyjn\u00eb f\u00ebmij\u00ebt n\u00eb \u2018BBVK\u2019 p\u00ebr ta takuar Drenush\u00ebn.<\/p>\n<p>\u2018Une jom marr vesh me produksionin..\u2019 tha nd\u00ebr t\u00eb tjerash.<\/p>\n<p>M\u00eb posht\u00eb keni videon.\/Indeksonline\/<\/p>\n<p><iframe loading=\"lazy\" title=\"Rikthehet Atilla, pse nuk i la f\u00ebmij\u00ebt, p\u00ebrplasje e fort\u00eb - Big Talk\" width=\"500\" height=\"281\" src=\"https:\/\/www.youtube.com\/embed\/veuzSDdHCnQ?feature=oembed\" frameborder=\"0\" allow=\"accelerometer; autoplay; clipboard-write; encrypted-media; gyroscope; picture-in-picture; web-share\" referrerpolicy=\"strict-origin-when-cross-origin\" allowfullscreen><\/iframe><\/p>\n<div id=\"blogs-1018083867\" class=\"blogs-after-content blogs-entity-placement\"><div id=\"div-gpt-ad-1770230601260-0\" style=\"width:300px; height:600px;\"><\/div><\/div><div id=\"blogs-275610596\" class=\"blogs-adsense-after-kontent blogs-entity-placement\"><script async src=\"https:\/\/pagead2.googlesyndication.com\/pagead\/js\/adsbygoogle.js\"\r\n     crossorigin=\"anonymous\"><\/script>\r\n<!-- Tiranaread -->\r\n<ins class=\"adsbygoogle\"\r\n     style=\"display:inline-block;width:728px;height:90px\"\r\n     data-ad-client=\"ca-pub-2355142065052501\"\r\n\t data-page-url=\"https:\/\/blogseyir.com\"\r\n     data-ad-slot=\"7464751963\"><\/ins>\r\n<script>\r\n     (adsbygoogle = window.adsbygoogle || []).push({});\r\n<\/script><\/div>","protected":false},"excerpt":{"rendered":"<p>I ftuari i sot\u00ebm n\u00eb \u2018Big talk\u2019 ishte Atilla Kardesh. Ai u b\u00eb kryelajm pasi nuk lejoi t\u00eb hyjn\u00eb f\u00ebmij\u00ebt n\u00eb \u2018BBVK\u2019 p\u00ebr ta takuar Drenush\u00ebn. \u2018Une jom marr vesh me produksionin..\u2019 tha nd\u00ebr t\u00eb tjerash. M\u00eb posht\u00eb keni videon.\/Indeksonline\/<\/p>\n","protected":false},"author":1,"featured_media":6349,"comment_status":"open","ping_status":"closed","sticky":false,"template":"","format":"standard","meta":{"footnotes":""},"categories":[33],"tags":[336,69],"class_list":["post-6350","post","type-post","status-publish","format-standard","has-post-thumbnail","hentry","category-showbizi","tag-atilla","tag-bbvk"],"_links":{"self":[{"href":"https:\/\/blogseyir.com\/wp\/wp-json\/wp\/v2\/posts\/6350","targetHints":{"allow":["GET"]}}],"collection":[{"href":"https:\/\/blogseyir.com\/wp\/wp-json\/wp\/v2\/posts"}],"about":[{"href":"https:\/\/blogseyir.com\/wp\/wp-json\/wp\/v2\/types\/post"}],"author":[{"embeddable":true,"href":"https:\/\/blogseyir.com\/wp\/wp-json\/wp\/v2\/users\/1"}],"replies":[{"embeddable":true,"href":"https:\/\/blogseyir.com\/wp\/wp-json\/wp\/v2\/comments?post=6350"}],"version-history":[{"count":1,"href":"https:\/\/blogseyir.com\/wp\/wp-json\/wp\/v2\/posts\/6350\/revisions"}],"predecessor-version":[{"id":6351,"href":"https:\/\/blogseyir.com\/wp\/wp-json\/wp\/v2\/posts\/6350\/revisions\/6351"}],"wp:featuredmedia":[{"embeddable":true,"href":"https:\/\/blogseyir.com\/wp\/wp-json\/wp\/v2\/media\/6349"}],"wp:attachment":[{"href":"https:\/\/blogseyir.com\/wp\/wp-json\/wp\/v2\/media?parent=6350"}],"wp:term":[{"taxonomy":"category","embeddable":true,"href":"https:\/\/blogseyir.com\/wp\/wp-json\/wp\/v2\/categories?post=6350"},{"taxonomy":"post_tag","embeddable":true,"href":"https:\/\/blogseyir.com\/wp\/wp-json\/wp\/v2\/tags?post=6350"}],"curies":[{"name":"wp","href":"https:\/\/api.w.org\/{rel}","templated":true}]}}