{"id":6275,"date":"2025-01-04T19:54:45","date_gmt":"2025-01-04T19:54:45","guid":{"rendered":"https:\/\/blogseyir.com\/wp\/?p=6275"},"modified":"2025-01-04T19:54:48","modified_gmt":"2025-01-04T19:54:48","slug":"cfare-po-ndodh-gruaja-e-ish-bashkeshortit-te-parashqevise-bene-reagimin-e-papritur-pas-takimit-te-kengetares-me-djalin","status":"publish","type":"post","link":"https:\/\/blogseyir.com\/wp\/cfare-po-ndodh-gruaja-e-ish-bashkeshortit-te-parashqevise-bene-reagimin-e-papritur-pas-takimit-te-kengetares-me-djalin\/","title":{"rendered":"Cfar\u00eb po ndodh? Gruaja e ish bashk\u00ebshortit t\u00eb Parashqevis\u00eb b\u00ebn\u00eb REAGIMIN e papritur pas takimit t\u00eb k\u00ebng\u00ebtares me djalin"},"content":{"rendered":"<p>Dit\u00ebn e djeshme, momenti i shum\u00ebpritur ndodhi: Parashqevi Simaku, nj\u00eb nga ikonat e muzik\u00ebs shqiptare, u takua pas shum\u00eb vitesh me djalin e saj, Luk\u00ebn, dhe ish-bashk\u00ebshortin, Robert Nolfe.<\/p>\n<p>&nbsp;<\/p>\n<p><img loading=\"lazy\" decoding=\"async\" class=\"wp-image-2969 alignnone size-full\" src=\"https:\/\/blogseyir.com\/wp\/wp-content\/uploads\/2025\/01\/image-8-1.jpg\" alt=\"\" width=\"750\" height=\"442\" \/><\/p>\n<p>Takimi ishte tejet prek\u00ebs dhe emocionues, jo vet\u00ebm p\u00ebr k\u00ebng\u00ebtaren dhe familjar\u00ebt e saj, por edhe p\u00ebr publikun q\u00eb e ka ndjekur historin\u00eb e saj me interes t\u00eb madh.<\/p>\n<p>Ky ribashkim familjar u prit me dashuri dhe emocion nga shum\u00eb shqiptar\u00eb, t\u00eb cil\u00ebt e p\u00ebrjetuan k\u00ebt\u00eb moment si nj\u00eb ngjarje t\u00eb rrall\u00eb dhe t\u00eb bukur.<\/p>\n<p>Megjithat\u00eb, ky zhvillim duket se ka shkaktuar nj\u00eb reagim indirekt nga gruaja aktuale e ish-bashk\u00ebshortit t\u00eb Parashqevis\u00eb, Katarina Nolfe.<\/p>\n<p>N\u00eb nj\u00eb veprim t\u00eb papritur, ajo ka mbyllur ose kufizuar llogarin\u00eb e saj n\u00eb Facebook, \u201cVoice Academy,\u201d duke e b\u00ebr\u00eb t\u00eb pamundur aksesin p\u00ebr shtetasit shqiptar\u00eb.<\/p>\n<p>&nbsp;<\/p>\n<p><img loading=\"lazy\" decoding=\"async\" class=\"alignnone size-full wp-image-2968\" src=\"https:\/\/blogseyir.com\/wp\/wp-content\/uploads\/2025\/01\/image-7.png\" alt=\"\" width=\"497\" height=\"750\" \/><br \/>\nEnde nuk dihen arsyet e sakta t\u00eb k\u00ebtij vendimi, por burime t\u00eb af\u00ebrta kan\u00eb raportuar se q\u00eb nga momenti kur pamjet e Parashqevis\u00eb n\u00eb SHBA u b\u00ebn\u00eb virale, Katarina \u00ebsht\u00eb p\u00ebrballur me nj\u00eb val\u00eb t\u00eb madhe k\u00ebrc\u00ebnimesh dhe komentesh negative nga profile t\u00eb ndryshme. K\u00ebto sulme virtuale mund t\u00eb ken\u00eb ndikuar n\u00eb vendimin e saj p\u00ebr t\u00eb kufizuar pranin\u00eb n\u00eb rrjetet sociale.<\/p>\n<p>Pavar\u00ebsisht k\u00ebtyre polemikave, takimi i Parashqevis\u00eb me familjen e saj mbetet nj\u00eb ngjarje q\u00eb do t\u00eb mbahet mend gjat\u00eb, duke sjell\u00eb nj\u00eb mesazh t\u00eb fort\u00eb p\u00ebr dashurin\u00eb familjare dhe r\u00ebnd\u00ebsin\u00eb e ribashkimeve.<\/p>\n<div id=\"blogs-2138252599\" class=\"blogs-after-content blogs-entity-placement\"><div id=\"div-gpt-ad-1770230601260-0\" style=\"width:300px; height:600px;\"><\/div><\/div><div id=\"blogs-1597017699\" class=\"blogs-adsense-after-kontent blogs-entity-placement\"><script async src=\"https:\/\/pagead2.googlesyndication.com\/pagead\/js\/adsbygoogle.js\"\r\n     crossorigin=\"anonymous\"><\/script>\r\n<!-- Tiranaread -->\r\n<ins class=\"adsbygoogle\"\r\n     style=\"display:inline-block;width:728px;height:90px\"\r\n     data-ad-client=\"ca-pub-2355142065052501\"\r\n\t data-page-url=\"https:\/\/blogseyir.com\"\r\n     data-ad-slot=\"7464751963\"><\/ins>\r\n<script>\r\n     (adsbygoogle = window.adsbygoogle || []).push({});\r\n<\/script><\/div>","protected":false},"excerpt":{"rendered":"<p>Dit\u00ebn e djeshme, momenti i shum\u00ebpritur ndodhi: Parashqevi Simaku, nj\u00eb nga ikonat e muzik\u00ebs shqiptare, u takua pas shum\u00eb vitesh me djalin e saj, Luk\u00ebn, dhe ish-bashk\u00ebshortin, Robert Nolfe. &nbsp; Takimi ishte tejet prek\u00ebs dhe emocionues, jo vet\u00ebm p\u00ebr k\u00ebng\u00ebtaren dhe familjar\u00ebt e saj, por edhe p\u00ebr publikun q\u00eb e ka ndjekur historin\u00eb e saj [&hellip;]<\/p>\n","protected":false},"author":1,"featured_media":6273,"comment_status":"open","ping_status":"closed","sticky":false,"template":"","format":"standard","meta":{"footnotes":""},"categories":[32],"tags":[82,380,44],"class_list":["post-6275","post","type-post","status-publish","format-standard","has-post-thumbnail","hentry","category-te-fundit","tag-djali","tag-gruaja-e-ish-bashkeshortit","tag-parashqevi-simaku"],"_links":{"self":[{"href":"https:\/\/blogseyir.com\/wp\/wp-json\/wp\/v2\/posts\/6275","targetHints":{"allow":["GET"]}}],"collection":[{"href":"https:\/\/blogseyir.com\/wp\/wp-json\/wp\/v2\/posts"}],"about":[{"href":"https:\/\/blogseyir.com\/wp\/wp-json\/wp\/v2\/types\/post"}],"author":[{"embeddable":true,"href":"https:\/\/blogseyir.com\/wp\/wp-json\/wp\/v2\/users\/1"}],"replies":[{"embeddable":true,"href":"https:\/\/blogseyir.com\/wp\/wp-json\/wp\/v2\/comments?post=6275"}],"version-history":[{"count":1,"href":"https:\/\/blogseyir.com\/wp\/wp-json\/wp\/v2\/posts\/6275\/revisions"}],"predecessor-version":[{"id":6276,"href":"https:\/\/blogseyir.com\/wp\/wp-json\/wp\/v2\/posts\/6275\/revisions\/6276"}],"wp:featuredmedia":[{"embeddable":true,"href":"https:\/\/blogseyir.com\/wp\/wp-json\/wp\/v2\/media\/6273"}],"wp:attachment":[{"href":"https:\/\/blogseyir.com\/wp\/wp-json\/wp\/v2\/media?parent=6275"}],"wp:term":[{"taxonomy":"category","embeddable":true,"href":"https:\/\/blogseyir.com\/wp\/wp-json\/wp\/v2\/categories?post=6275"},{"taxonomy":"post_tag","embeddable":true,"href":"https:\/\/blogseyir.com\/wp\/wp-json\/wp\/v2\/tags?post=6275"}],"curies":[{"name":"wp","href":"https:\/\/api.w.org\/{rel}","templated":true}]}}