{"id":6123,"date":"2025-01-03T16:54:14","date_gmt":"2025-01-03T16:54:14","guid":{"rendered":"https:\/\/blogseyir.com\/wp\/?p=6123"},"modified":"2025-01-03T16:54:16","modified_gmt":"2025-01-03T16:54:16","slug":"ngjarje-e-rende-ne-maqedoni-makina-del-nga-rruga-dhe-perfundon-ne-lume-humbin-jeten-3-persona","status":"publish","type":"post","link":"https:\/\/blogseyir.com\/wp\/ngjarje-e-rende-ne-maqedoni-makina-del-nga-rruga-dhe-perfundon-ne-lume-humbin-jeten-3-persona\/","title":{"rendered":"Ngjarje e r\u00ebnd\u00eb n\u00eb Maqedoni &#8216;Makina del nga rruga dhe p\u00ebrfundon n\u00eb lum\u00eb, humbin jet\u00ebn 3 persona&#8230;&#8217;"},"content":{"rendered":"<p>Mbr\u00ebmjen e djeshem nj\u00eb aksident ka ndodhur n\u00eb Maqedonin\u00eb e Veriut n\u00eb rrug\u00ebn Rash\u00e7e-Saraj ku makina ka dal\u00eb nga rruga dhe ka p\u00ebrfunduar n\u00eb lumin Vardar.<\/p>\n<p>&nbsp;<\/p>\n<p><img loading=\"lazy\" decoding=\"async\" class=\"wp-image-2755 alignnone size-full\" src=\"https:\/\/blogseyir.com\/wp\/wp-content\/uploads\/2025\/01\/image-44.jpg\" alt=\"\" width=\"750\" height=\"443\" \/><\/p>\n<p>N\u00eb makin\u00eb ndodheshin 5 an\u00ebtar\u00eb t\u00eb familjes Asllani ku p\u00ebrfunduan n\u00eb lum\u00ebn, dhe si pasoj\u00eb kan\u00eb humbur jet\u00ebn tre prej tyre.<\/p>\n<p>Tre grat\u00eb q\u00eb ndodheshin n\u00eb makin\u00eb kan\u00eb humbur jet\u00ebn , nd\u00ebrsa drejtuesi i makin\u00ebs akoma nuk \u00ebsht\u00eb gjetur pasi \u00ebsht\u00eb rr\u00ebmbyr nga rrjedhja e lumit. Aksioni i k\u00ebrkimit u nd\u00ebrpre n\u00eb or\u00ebt e vona t\u00eb mbr\u00ebmjes duke vazhduar sot p\u00ebr shkak t\u00eb kushteve atmosferike dhe err\u00ebsir\u00ebs.<\/p>\n<p>&nbsp;<\/p>\n<p><img loading=\"lazy\" decoding=\"async\" class=\"wp-image-2754 alignnone size-full\" src=\"https:\/\/blogseyir.com\/wp\/wp-content\/uploads\/2025\/01\/image-43.jpg\" alt=\"\" width=\"750\" height=\"503\" \/><\/p>\n<p>Nd\u00ebrsa f\u00ebmija 5-vje\u00e7ar gjat\u00eb rrokullisjes s\u00eb makin\u00ebs ka dal\u00eb jasht\u00eb dhe ka shp\u00ebtuar. Ai u gjet nga kalimtar\u00eb t\u00eb rastit, t\u00eb cil\u00ebt e kan\u00eb d\u00ebrguar n\u00eb spital n\u00eb Shkup.<\/p>\n<p>Nd\u00ebrkoh\u00eb policia po vijon hetimet p\u00ebr zbardhjen e plot\u00eb t\u00eb ngjarjes dhe gjetjen e drejtuesit t\u00eb mjetit.<\/p>\n<p>&nbsp;<\/p>\n<div id=\"blogs-3990279533\" class=\"blogs-after-content blogs-entity-placement\"><div id=\"div-gpt-ad-1770230601260-0\" style=\"width:300px; height:600px;\"><\/div><\/div><div id=\"blogs-1210191236\" class=\"blogs-adsense-after-kontent blogs-entity-placement\"><script async src=\"https:\/\/pagead2.googlesyndication.com\/pagead\/js\/adsbygoogle.js\"\r\n     crossorigin=\"anonymous\"><\/script>\r\n<!-- Tiranaread -->\r\n<ins class=\"adsbygoogle\"\r\n     style=\"display:inline-block;width:728px;height:90px\"\r\n     data-ad-client=\"ca-pub-2355142065052501\"\r\n\t data-page-url=\"https:\/\/blogseyir.com\"\r\n     data-ad-slot=\"7464751963\"><\/ins>\r\n<script>\r\n     (adsbygoogle = window.adsbygoogle || []).push({});\r\n<\/script><\/div>","protected":false},"excerpt":{"rendered":"<p>Mbr\u00ebmjen e djeshem nj\u00eb aksident ka ndodhur n\u00eb Maqedonin\u00eb e Veriut n\u00eb rrug\u00ebn Rash\u00e7e-Saraj ku makina ka dal\u00eb nga rruga dhe ka p\u00ebrfunduar n\u00eb lumin Vardar. &nbsp; N\u00eb makin\u00eb ndodheshin 5 an\u00ebtar\u00eb t\u00eb familjes Asllani ku p\u00ebrfunduan n\u00eb lum\u00ebn, dhe si pasoj\u00eb kan\u00eb humbur jet\u00ebn tre prej tyre. Tre grat\u00eb q\u00eb ndodheshin n\u00eb makin\u00eb kan\u00eb [&hellip;]<\/p>\n","protected":false},"author":1,"featured_media":6121,"comment_status":"open","ping_status":"closed","sticky":false,"template":"","format":"standard","meta":{"footnotes":""},"categories":[32],"tags":[183,362,40,41],"class_list":["post-6123","post","type-post","status-publish","format-standard","has-post-thumbnail","hentry","category-te-fundit","tag-aksident","tag-maqedoni","tag-te-fundit","tag-vdekje"],"_links":{"self":[{"href":"https:\/\/blogseyir.com\/wp\/wp-json\/wp\/v2\/posts\/6123","targetHints":{"allow":["GET"]}}],"collection":[{"href":"https:\/\/blogseyir.com\/wp\/wp-json\/wp\/v2\/posts"}],"about":[{"href":"https:\/\/blogseyir.com\/wp\/wp-json\/wp\/v2\/types\/post"}],"author":[{"embeddable":true,"href":"https:\/\/blogseyir.com\/wp\/wp-json\/wp\/v2\/users\/1"}],"replies":[{"embeddable":true,"href":"https:\/\/blogseyir.com\/wp\/wp-json\/wp\/v2\/comments?post=6123"}],"version-history":[{"count":1,"href":"https:\/\/blogseyir.com\/wp\/wp-json\/wp\/v2\/posts\/6123\/revisions"}],"predecessor-version":[{"id":6124,"href":"https:\/\/blogseyir.com\/wp\/wp-json\/wp\/v2\/posts\/6123\/revisions\/6124"}],"wp:featuredmedia":[{"embeddable":true,"href":"https:\/\/blogseyir.com\/wp\/wp-json\/wp\/v2\/media\/6121"}],"wp:attachment":[{"href":"https:\/\/blogseyir.com\/wp\/wp-json\/wp\/v2\/media?parent=6123"}],"wp:term":[{"taxonomy":"category","embeddable":true,"href":"https:\/\/blogseyir.com\/wp\/wp-json\/wp\/v2\/categories?post=6123"},{"taxonomy":"post_tag","embeddable":true,"href":"https:\/\/blogseyir.com\/wp\/wp-json\/wp\/v2\/tags?post=6123"}],"curies":[{"name":"wp","href":"https:\/\/api.w.org\/{rel}","templated":true}]}}