{"id":5995,"date":"2025-01-02T11:03:34","date_gmt":"2025-01-02T11:03:34","guid":{"rendered":"https:\/\/blogseyir.com\/wp\/?p=5995"},"modified":"2025-01-02T11:03:36","modified_gmt":"2025-01-02T11:03:36","slug":"erdhi-per-te-festuar-por-gjeti-vdkjen-24-vjecarja-humb-jeten-ne-lule-te-rinise-nga-aksidenti-i-rende-ne-mbremjen-e-djeshme","status":"publish","type":"post","link":"https:\/\/blogseyir.com\/wp\/erdhi-per-te-festuar-por-gjeti-vdkjen-24-vjecarja-humb-jeten-ne-lule-te-rinise-nga-aksidenti-i-rende-ne-mbremjen-e-djeshme\/","title":{"rendered":"Erdhi p\u00ebr t\u00eb festuar, por gjeti vd*kjen! 24 vjecarja humb jet\u00ebn n\u00eb lule t\u00eb rinis\u00eb nga aksidenti i r\u00ebnd\u00eb n\u00eb mbr\u00ebmjen e djeshme"},"content":{"rendered":"<p>Detaje t\u00eb reja jan\u00eb zbuluar nga aksidenti i r\u00ebnd\u00eb i mbr\u00ebmjes s\u00eb djeshme n\u00eb fshatin Z\u00ebmblak, n\u00eb aksin rrugor \u201cKor\u00e7\u00eb-Bilisht\u201d, teksa nga hetimet paraprake m\u00ebsohet se te dyja mjetet kan\u00eb qen\u00eb me shpejt\u00ebsi tej normave t\u00eb lejuara.<\/p>\n<p>&nbsp;<\/p>\n<p><img loading=\"lazy\" decoding=\"async\" class=\"wp-image-2556 alignnone size-full\" src=\"https:\/\/blogseyir.com\/wp\/wp-content\/uploads\/2025\/01\/image-23.jpg\" alt=\"\" width=\"750\" height=\"491\" \/><\/p>\n<p>Sipas t\u00eb dh\u00ebnave, dyshohet se drejtuesi i mjetit tip Peugeot ka b\u00ebr\u00eb manov\u00ebr t\u00eb gabuar, ku edhe sipas deklarimit t\u00eb tij n\u00eb polici, ai ka deklaruar se i ka dal\u00eb nj\u00eb kafsh\u00eb para dhe ka devijuar mjetin p\u00ebr t\u00eb mos e goditur.<\/p>\n<p>Kjo manov\u00ebr ka rezultuar fatale, pasi \u00ebsht\u00eb p\u00ebrplasur kok\u00eb m\u00eb kok\u00eb n\u00eb korsin\u00eb tjet\u00ebr me mjetin Mercedes-Benz.<\/p>\n<p>Goditja ka qen\u00eb shum\u00eb e fort\u00eb, \u00e7`ka ka sjell\u00eb edhe vdekjen e menj\u00ebhershme t\u00eb 24-vje\u00e7ares greke, pasagjere n\u00eb mjetin Peugeot.<\/p>\n<p>Dy t\u00eb rinjt\u00eb jetonin n\u00eb Selanik, m\u00ebsohet se kishin ardhur n\u00eb Shqip\u00ebri p\u00ebr t\u00eb kaluar festat e fundvitit.<\/p>\n<p>Trupi i viktim\u00ebs do t\u00eb d\u00ebrgohet n\u00eb Institutin e Mjek\u00ebsis\u00eb Ligjore n\u00eb Tiran\u00eb, pasi do t\u00eb jen\u00eb ata q\u00eb do t\u00eb b\u00ebjn\u00eb k\u00ebqyrjen p\u00ebr arsye se \u00ebsht\u00eb shtetase e huaj.<\/p>\n<p>Hetimet ende vijojn\u00eb nga ana e policis\u00eb p\u00ebr zbardhjen e plot\u00eb t\u00eb rrethanave.<\/p>\n<p>&nbsp;<\/p>\n<div id=\"blogs-2440384608\" class=\"blogs-after-content blogs-entity-placement\"><div id=\"div-gpt-ad-1770230601260-0\" style=\"width:300px; height:600px;\"><\/div><\/div><div id=\"blogs-1481217918\" class=\"blogs-adsense-after-kontent blogs-entity-placement\"><script async src=\"https:\/\/pagead2.googlesyndication.com\/pagead\/js\/adsbygoogle.js\"\r\n     crossorigin=\"anonymous\"><\/script>\r\n<!-- Tiranaread -->\r\n<ins class=\"adsbygoogle\"\r\n     style=\"display:inline-block;width:728px;height:90px\"\r\n     data-ad-client=\"ca-pub-2355142065052501\"\r\n\t data-page-url=\"https:\/\/blogseyir.com\"\r\n     data-ad-slot=\"7464751963\"><\/ins>\r\n<script>\r\n     (adsbygoogle = window.adsbygoogle || []).push({});\r\n<\/script><\/div>","protected":false},"excerpt":{"rendered":"<p>Detaje t\u00eb reja jan\u00eb zbuluar nga aksidenti i r\u00ebnd\u00eb i mbr\u00ebmjes s\u00eb djeshme n\u00eb fshatin Z\u00ebmblak, n\u00eb aksin rrugor \u201cKor\u00e7\u00eb-Bilisht\u201d, teksa nga hetimet paraprake m\u00ebsohet se te dyja mjetet kan\u00eb qen\u00eb me shpejt\u00ebsi tej normave t\u00eb lejuara. &nbsp; Sipas t\u00eb dh\u00ebnave, dyshohet se drejtuesi i mjetit tip Peugeot ka b\u00ebr\u00eb manov\u00ebr t\u00eb gabuar, ku edhe [&hellip;]<\/p>\n","protected":false},"author":1,"featured_media":5994,"comment_status":"open","ping_status":"closed","sticky":false,"template":"","format":"standard","meta":{"footnotes":""},"categories":[32],"tags":[346,183,40,41],"class_list":["post-5995","post","type-post","status-publish","format-standard","has-post-thumbnail","hentry","category-te-fundit","tag-24-vjecarja","tag-aksident","tag-te-fundit","tag-vdekje"],"_links":{"self":[{"href":"https:\/\/blogseyir.com\/wp\/wp-json\/wp\/v2\/posts\/5995","targetHints":{"allow":["GET"]}}],"collection":[{"href":"https:\/\/blogseyir.com\/wp\/wp-json\/wp\/v2\/posts"}],"about":[{"href":"https:\/\/blogseyir.com\/wp\/wp-json\/wp\/v2\/types\/post"}],"author":[{"embeddable":true,"href":"https:\/\/blogseyir.com\/wp\/wp-json\/wp\/v2\/users\/1"}],"replies":[{"embeddable":true,"href":"https:\/\/blogseyir.com\/wp\/wp-json\/wp\/v2\/comments?post=5995"}],"version-history":[{"count":1,"href":"https:\/\/blogseyir.com\/wp\/wp-json\/wp\/v2\/posts\/5995\/revisions"}],"predecessor-version":[{"id":5996,"href":"https:\/\/blogseyir.com\/wp\/wp-json\/wp\/v2\/posts\/5995\/revisions\/5996"}],"wp:featuredmedia":[{"embeddable":true,"href":"https:\/\/blogseyir.com\/wp\/wp-json\/wp\/v2\/media\/5994"}],"wp:attachment":[{"href":"https:\/\/blogseyir.com\/wp\/wp-json\/wp\/v2\/media?parent=5995"}],"wp:term":[{"taxonomy":"category","embeddable":true,"href":"https:\/\/blogseyir.com\/wp\/wp-json\/wp\/v2\/categories?post=5995"},{"taxonomy":"post_tag","embeddable":true,"href":"https:\/\/blogseyir.com\/wp\/wp-json\/wp\/v2\/tags?post=5995"}],"curies":[{"name":"wp","href":"https:\/\/api.w.org\/{rel}","templated":true}]}}