{"id":5946,"date":"2025-01-01T09:32:32","date_gmt":"2025-01-01T09:32:32","guid":{"rendered":"https:\/\/blogseyir.com\/wp\/?p=5946"},"modified":"2025-01-01T09:32:34","modified_gmt":"2025-01-01T09:32:34","slug":"pas-deklarates-per-eglin-djali-i-gilit-vjen-me-nje-reagim-ne-rrjetet-sociale","status":"publish","type":"post","link":"https:\/\/blogseyir.com\/wp\/pas-deklarates-per-eglin-djali-i-gilit-vjen-me-nje-reagim-ne-rrjetet-sociale\/","title":{"rendered":"Pas deklarat\u00ebs p\u00ebr Eglin, djali i Gilit vjen me nj\u00eb reagim n\u00eb rrjetet sociale"},"content":{"rendered":"<h2>K\u00ebng\u00ebtarja Gili dhe djali i saj, Redoni reaguan p\u00ebr her\u00eb t\u00eb par\u00eb pas daljes nga Big Brother VIP Albania n\u00eb primen e fundit.<\/h2>\n<p><img loading=\"lazy\" decoding=\"async\" class=\"wp-image-2458 alignnone size-full\" src=\"https:\/\/blogseyir.com\/wp\/wp-content\/uploads\/2025\/01\/EF5EF24F-C975-46D4-BEF2-984978E129FC.jpg\" alt=\"\" width=\"750\" height=\"383\" \/><\/p>\n<p>Gili: Nj\u00eb p\u00ebrvoj\u00eb shum\u00eb e ve\u00e7ant\u00eb, nj\u00eb kujtim jet\u00ebsor timin me qen\u00eb n\u00eb sht\u00ebpin\u00eb m\u00eb t\u00eb famshme t\u00eb shqiptaris\u00eb, bashk\u00eb me djalin tim. U prita shum\u00eb mir\u00eb n\u00eb Kosov\u00eb. T\u00eb gjitha komentet ishin shum\u00eb pozitive.<\/p>\n<p>Redoni: Dua t\u2019i k\u00ebrkoj ndjek\u00ebsve, njer\u00ebzve, familjar\u00ebve dhe produksionit q\u00eb u larguam n\u00eb m\u00ebnyr\u00eb t\u00eb ftoht\u00eb pa u p\u00ebrsh\u00ebndetur, por m\u00eb besoni q\u00eb ajo \u00ebsht\u00eb zgjedhja m\u00eb e mir\u00eb, sepse po t\u2019i p\u00ebrsh\u00ebndesja, do t\u00eb ndryshoja mendje dhe do t\u00eb vazhdoja gar\u00ebn. Banor\u00ebt jan\u00eb njer\u00ebz t\u00eb mrekulluesh\u00ebm. Erdha p\u00ebr nj\u00eb loj\u00eb t\u00eb thjesht\u00eb, me debate, me loj\u00ebra, pran\u00eb n\u00ebn\u00ebs time, por e pash\u00eb q\u00eb loja filloi t\u00eb agravohej dhe m\u00eb erdhi nj\u00eb p\u00ebrzierje emocionesh aq e madhe sa mu duk sikur debatet mund t\u00eb shkonin deri n\u00eb p\u00ebrplasje fizike. Jam natyr\u00eb e but\u00eb, por fakti q\u00eb jam me n\u00ebn\u00ebn time si banor, m\u00eb detyroi t\u00eb largoheshim. M\u2019u duk si nj\u00eb fush\u00ebbetej\u00eb.<\/p>\n<p>M\u00eb pas Redoni u p\u00ebrsh\u00ebndet edhe me Egli Takon, me t\u00eb cil\u00ebn pati mjaft afrimitet, ku nuk munguan fjal\u00ebt e \u00ebmbla.<\/p>\n<p>Redoni: \u201cZemra ime. M\u00eb ka marr\u00eb malli. Dua t\u00eb them dy fjal\u00eb: un\u00eb nuk jam aty, vendosa t\u00eb largohem, jam mir\u00eb. Mos u merakos. Fitorja ime n\u00eb k\u00ebt\u00eb Big Brother \u00ebsht\u00eb vet\u00ebm se kam kuptuar q\u00eb nj\u00eb vajz\u00eb si ti mund t\u00eb ekzistoj\u00eb. Uroj me mish e me shpirt q\u00eb ta fitosh ti k\u00ebt\u00eb Big Brother.\u201d<\/p>\n<p>Egli: \u201cE prita pak keq largimin, por jam dakord dhe t\u00eb them q\u00eb je i vetmi njeri q\u00eb m\u00eb dha nj\u00eb ndjenj\u00eb qet\u00ebsie. Do m\u00eb mungosh shum\u00eb. T\u00eb dua.\u201d<\/p>\n<p>Pas reagimit p\u00ebr largimin nga Big Brother VIP dhe deklaratave t\u00eb \u00ebmbla p\u00ebr Eglin, sot, Redoni ka falenderuar t\u00eb gjith\u00eb ndjek\u00ebsit q\u00eb e mb\u00ebshtet\u00ebn n\u00eb rrug\u00ebtimin e tij t\u00eb shkurt\u00ebr.<\/p>\n<p>N\u00eb postimin e tij n\u00eb Instagram, ai shkruan:<\/p>\n<p><img loading=\"lazy\" decoding=\"async\" class=\"wp-image-2459 alignnone size-full\" src=\"https:\/\/blogseyir.com\/wp\/wp-content\/uploads\/2025\/01\/AEA37BA5-29FF-49E3-95AE-22627C13CEAB.jpg\" alt=\"\" width=\"610\" height=\"750\" \/><\/p>\n<p>\u201cJu falenderoj nga zemra secilin nga ju per mbeshtetjen, dashurine dhe energjine pozitive qe ma keni dhuruar gjate qendrimit tim ne shtepine e @bigbrotheralb_vip dhe pas daljes.<\/p>\n<p>Ju uroj nj\u00eb vit t\u00eb ri prane familjes me shendet, plot shpresa dhe mund\u00ebsi!\u201d<\/p>\n<div id=\"blogs-2225046341\" class=\"blogs-after-content blogs-entity-placement\"><div id=\"div-gpt-ad-1770230601260-0\" style=\"width:300px; height:600px;\"><\/div><\/div><div id=\"blogs-3816207896\" class=\"blogs-adsense-after-kontent blogs-entity-placement\"><script async src=\"https:\/\/pagead2.googlesyndication.com\/pagead\/js\/adsbygoogle.js\"\r\n     crossorigin=\"anonymous\"><\/script>\r\n<!-- Tiranaread -->\r\n<ins class=\"adsbygoogle\"\r\n     style=\"display:inline-block;width:728px;height:90px\"\r\n     data-ad-client=\"ca-pub-2355142065052501\"\r\n\t data-page-url=\"https:\/\/blogseyir.com\"\r\n     data-ad-slot=\"7464751963\"><\/ins>\r\n<script>\r\n     (adsbygoogle = window.adsbygoogle || []).push({});\r\n<\/script><\/div>","protected":false},"excerpt":{"rendered":"<p>K\u00ebng\u00ebtarja Gili dhe djali i saj, Redoni reaguan p\u00ebr her\u00eb t\u00eb par\u00eb pas daljes nga Big Brother VIP Albania n\u00eb primen e fundit. Gili: Nj\u00eb p\u00ebrvoj\u00eb shum\u00eb e ve\u00e7ant\u00eb, nj\u00eb kujtim jet\u00ebsor timin me qen\u00eb n\u00eb sht\u00ebpin\u00eb m\u00eb t\u00eb famshme t\u00eb shqiptaris\u00eb, bashk\u00eb me djalin tim. U prita shum\u00eb mir\u00eb n\u00eb Kosov\u00eb. T\u00eb gjitha komentet [&hellip;]<\/p>\n","protected":false},"author":1,"featured_media":5944,"comment_status":"open","ping_status":"closed","sticky":false,"template":"","format":"standard","meta":{"footnotes":""},"categories":[33],"tags":[294,92,281],"class_list":["post-5946","post","type-post","status-publish","format-standard","has-post-thumbnail","hentry","category-showbizi","tag-a","tag-bbv4","tag-redoni"],"_links":{"self":[{"href":"https:\/\/blogseyir.com\/wp\/wp-json\/wp\/v2\/posts\/5946","targetHints":{"allow":["GET"]}}],"collection":[{"href":"https:\/\/blogseyir.com\/wp\/wp-json\/wp\/v2\/posts"}],"about":[{"href":"https:\/\/blogseyir.com\/wp\/wp-json\/wp\/v2\/types\/post"}],"author":[{"embeddable":true,"href":"https:\/\/blogseyir.com\/wp\/wp-json\/wp\/v2\/users\/1"}],"replies":[{"embeddable":true,"href":"https:\/\/blogseyir.com\/wp\/wp-json\/wp\/v2\/comments?post=5946"}],"version-history":[{"count":1,"href":"https:\/\/blogseyir.com\/wp\/wp-json\/wp\/v2\/posts\/5946\/revisions"}],"predecessor-version":[{"id":5947,"href":"https:\/\/blogseyir.com\/wp\/wp-json\/wp\/v2\/posts\/5946\/revisions\/5947"}],"wp:featuredmedia":[{"embeddable":true,"href":"https:\/\/blogseyir.com\/wp\/wp-json\/wp\/v2\/media\/5944"}],"wp:attachment":[{"href":"https:\/\/blogseyir.com\/wp\/wp-json\/wp\/v2\/media?parent=5946"}],"wp:term":[{"taxonomy":"category","embeddable":true,"href":"https:\/\/blogseyir.com\/wp\/wp-json\/wp\/v2\/categories?post=5946"},{"taxonomy":"post_tag","embeddable":true,"href":"https:\/\/blogseyir.com\/wp\/wp-json\/wp\/v2\/tags?post=5946"}],"curies":[{"name":"wp","href":"https:\/\/api.w.org\/{rel}","templated":true}]}}