{"id":5871,"date":"2024-12-30T20:04:23","date_gmt":"2024-12-30T20:04:23","guid":{"rendered":"https:\/\/blogseyir.com\/wp\/?p=5871"},"modified":"2024-12-30T20:04:27","modified_gmt":"2024-12-30T20:04:27","slug":"egli-dhe-redoni-drejt-nje-lidhjeje-dashurie-olsi-bylyku-bene-reagimin-e-papritur-pas-ngjarjeve-te-fundit-qe-po-ndodhin","status":"publish","type":"post","link":"https:\/\/blogseyir.com\/wp\/egli-dhe-redoni-drejt-nje-lidhjeje-dashurie-olsi-bylyku-bene-reagimin-e-papritur-pas-ngjarjeve-te-fundit-qe-po-ndodhin\/","title":{"rendered":"Egli dhe Redoni drejt nj\u00eb lidhjeje dashurie, Olsi Bylyku b\u00ebn\u00eb REAGIMIN E PAPRITUR pas ngjarjeve t\u00eb fundit q\u00eb po ndodhin!"},"content":{"rendered":"<p>Egli Tako, q\u00eb nga momenti i saj i par\u00eb n\u00eb \u2018Big Brother VIP Albania\u2019, \u00ebsht\u00eb b\u00ebr\u00eb nj\u00eb nga banoret m\u00eb t\u00eb diskutuar n\u00eb mediat sociale, ndon\u00ebse nj\u00eb raport i ve\u00e7ant\u00eb me Redonin e ka rritur ndjesh\u00ebm popullaritetin e saj.<\/p>\n<p>&nbsp;<\/p>\n<p><img loading=\"lazy\" decoding=\"async\" class=\"alignnone size-full wp-image-2330\" src=\"https:\/\/blogseyir.com\/wp\/wp-content\/uploads\/2024\/12\/image-17-50.jpg\" alt=\"\" width=\"750\" height=\"465\" \/><br \/>\nN\u00eb mbr\u00ebmjen e kaluar, Egli ka qen\u00eb n\u00eb qend\u00ebr t\u00eb v\u00ebmendjes me dinamika t\u00eb forta q\u00eb ka krijuar brenda sht\u00ebpis\u00eb, duke ngjallur p\u00ebrplasje dhe debate midis banor\u00ebve.<\/p>\n<p>Kjo dinamik\u00eb ka b\u00ebr\u00eb q\u00eb ajo t\u00eb jet\u00eb tem\u00eb diskutimi jo vet\u00ebm mes fansave t\u00eb emisjonit, por edhe n\u00eb mediat e tjera, ku komenti mbi marr\u00ebdh\u00ebniet n\u00eb sht\u00ebpi ka marr\u00eb shum\u00eb hap\u00ebsir\u00eb.<\/p>\n<p>P\u00ebrve\u00e7 marr\u00ebdh\u00ebnies s\u00eb saj me Redonin, nj\u00eb ngjarje tjet\u00ebr e papritur ndodhi kur Olsi, nj\u00eb tjet\u00ebr banor i njohur, publikoi nj\u00eb video n\u00eb rrjetet sociale.<\/p>\n<p>N\u00eb videon e tij, Olsi shpreh mendimet e tij p\u00ebr Edi Ram\u00ebn dhe politik\u00ebn aktuale, duke shkaktuar reagime t\u00eb shumta midis ndjek\u00ebsve. Ky veprim i tij zgjoi interes dhe shum\u00eb njer\u00ebz filluan t\u00eb spekulojn\u00eb p\u00ebr lidhjen e mundshme midis tij dhe Egli Tako.<\/p>\n<p>Polarisht, Egli dhe Redoni jan\u00eb b\u00ebr\u00eb simbol\u00eb t\u00eb nj\u00eb dashurie t\u00eb reletarive q\u00eb ngjallin shum\u00eb debate. Publiku ndonj\u00ebher\u00eb ka reaguar n\u00eb m\u00ebnyr\u00eb ekstremale p\u00ebr zgjedhjet e tyre dhe dinamika e moralis\u00eb sociale p\u00ebr lidhjet q\u00eb krijohen brenda formateve t\u00eb tilla ka qen\u00eb gjithashtu n\u00eb qend\u00ebr t\u00eb kritikave. Shum\u00eb fansa e shohin raportin e tyre si nj\u00eb lidhje t\u00eb sinqert\u00eb, nd\u00ebrsa t\u00eb tjer\u00eb e shohin si nj\u00eb strategji p\u00ebr t\u00eb rritur pamjen e tyre n\u00eb media.<\/p>\n<p>Diskutimi i marr\u00ebdh\u00ebnies n\u00eb televizion dhe n\u00eb mediat sociale ka sjell\u00eb gjithashtu nj\u00eb v\u00ebmendje t\u00eb madhe mbi natyr\u00ebn e marr\u00ebdh\u00ebnieve nd\u00ebrpersonale, sidomos kur k\u00ebto marr\u00ebdh\u00ebnie zhvillohen n\u00ebn nj\u00eb kontrol t\u00eb vazhduesh\u00ebm t\u00eb kamerave. \u00c7far\u00eb ndodh kur jeta private b\u00ebhet nj\u00eb spektak\u00ebl publik? A ndikon kjo n\u00eb sh\u00ebndetin mendor t\u00eb personave t\u00eb involvuar? K\u00ebto jan\u00eb pyetje q\u00eb shum\u00eb njer\u00ebz po i b\u00ebjn\u00eb.<\/p>\n<p>Addi t\u00eb gjitha k\u00ebtyre, videt e Olsit p\u00ebr Edi Ram\u00ebn kan\u00eb hapur nj\u00eb debat t\u00eb ri mbi etikat e postimeve n\u00eb rrjetet sociale. A \u00ebsht\u00eb nj\u00eb akt i guximsh\u00ebm apo nj\u00eb strategji p\u00ebr t\u00eb fituar ndjek\u00ebs? Dhe \u00e7far\u00eb do t\u00eb thot\u00eb kjo p\u00ebr imazhin e tij si aktor dhe si individ? Publiku mund t\u00eb ndjej\u00eb nj\u00eb disonanc\u00eb mes artit dhe politik\u00ebs, ve\u00e7an\u00ebrisht n\u00eb koh\u00eb krizash.<\/p>\n<p>\u00cbsht\u00eb e qart\u00eb se Egli Tako do t\u00eb vazhdoj\u00eb t\u00eb mbetet n\u00eb rrethin e v\u00ebmendjes publike, dhe se marr\u00ebdh\u00ebnia e saj me Redonin \u00ebsht\u00eb nj\u00eb tem\u00eb q\u00eb do t\u00eb diskutohet p\u00ebr nj\u00eb koh\u00eb t\u00eb gjat\u00eb. Nd\u00ebrsa fansat e saj mb\u00ebshtesin \u00e7do hap t\u00eb saj dhe spekulojn\u00eb p\u00ebr \u00e7far\u00eb do t\u00eb ndodh\u00eb n\u00eb vazhdim, vet\u00eb ajo duket se \u00ebsht\u00eb e p\u00ebrqendruar n\u00eb karrier\u00ebn e saj me nj\u00eb qasje energjike dhe pozitive.<\/p>\n<p>Tani p\u00ebr tani, Egli dhe Redoni vazhdojn\u00eb t\u00eb jen\u00eb nj\u00eb \u00e7\u00ebshtje e nxeht\u00eb e bisedave, jo vet\u00ebm n\u00eb Shqip\u00ebri, por edhe n\u00eb diaspor\u00ebn shqiptare, duke i b\u00ebr\u00eb njer\u00ebzit t\u00eb spekulojn\u00eb dhe t\u00eb ndahen n\u00eb mendime p\u00ebr k\u00ebt\u00eb marr\u00ebdh\u00ebnie t\u00eb diskutuar. \u00c7far\u00eb do t\u00eb ndodhi m\u00eb tej? Vet\u00ebm koha do ta tregoj\u00eb.<\/p>\n<p>&nbsp;<\/p>\n<p><img loading=\"lazy\" decoding=\"async\" class=\"wp-image-2327 alignnone size-full\" src=\"https:\/\/blogseyir.com\/wp\/wp-content\/uploads\/2024\/12\/image-17-47.jpg\" alt=\"\" width=\"441\" height=\"750\" \/><\/p>\n<p><img loading=\"lazy\" decoding=\"async\" class=\"wp-image-2328 alignnone size-full\" src=\"https:\/\/blogseyir.com\/wp\/wp-content\/uploads\/2024\/12\/image-17-48.jpg\" alt=\"\" width=\"450\" height=\"750\" \/><\/p>\n<p><img loading=\"lazy\" decoding=\"async\" class=\"wp-image-2329 alignnone size-full\" src=\"https:\/\/blogseyir.com\/wp\/wp-content\/uploads\/2024\/12\/image-17-49.jpg\" alt=\"\" width=\"455\" height=\"750\" \/><\/p>\n<div id=\"blogs-2592897909\" class=\"blogs-after-content blogs-entity-placement\"><div id=\"div-gpt-ad-1770230601260-0\" style=\"width:300px; height:600px;\"><\/div><\/div><div id=\"blogs-3333889576\" class=\"blogs-adsense-after-kontent blogs-entity-placement\"><script async src=\"https:\/\/pagead2.googlesyndication.com\/pagead\/js\/adsbygoogle.js\"\r\n     crossorigin=\"anonymous\"><\/script>\r\n<!-- Tiranaread -->\r\n<ins class=\"adsbygoogle\"\r\n     style=\"display:inline-block;width:728px;height:90px\"\r\n     data-ad-client=\"ca-pub-2355142065052501\"\r\n\t data-page-url=\"https:\/\/blogseyir.com\"\r\n     data-ad-slot=\"7464751963\"><\/ins>\r\n<script>\r\n     (adsbygoogle = window.adsbygoogle || []).push({});\r\n<\/script><\/div>","protected":false},"excerpt":{"rendered":"<p>Egli Tako, q\u00eb nga momenti i saj i par\u00eb n\u00eb \u2018Big Brother VIP Albania\u2019, \u00ebsht\u00eb b\u00ebr\u00eb nj\u00eb nga banoret m\u00eb t\u00eb diskutuar n\u00eb mediat sociale, ndon\u00ebse nj\u00eb raport i ve\u00e7ant\u00eb me Redonin e ka rritur ndjesh\u00ebm popullaritetin e saj. &nbsp; N\u00eb mbr\u00ebmjen e kaluar, Egli ka qen\u00eb n\u00eb qend\u00ebr t\u00eb v\u00ebmendjes me dinamika t\u00eb forta [&hellip;]<\/p>\n","protected":false},"author":1,"featured_media":5867,"comment_status":"open","ping_status":"closed","sticky":false,"template":"","format":"standard","meta":{"footnotes":""},"categories":[32],"tags":[52,206,216,281],"class_list":["post-5871","post","type-post","status-publish","format-standard","has-post-thumbnail","hentry","category-te-fundit","tag-bbva","tag-egli-tako","tag-olsi-bylyku","tag-redoni"],"_links":{"self":[{"href":"https:\/\/blogseyir.com\/wp\/wp-json\/wp\/v2\/posts\/5871","targetHints":{"allow":["GET"]}}],"collection":[{"href":"https:\/\/blogseyir.com\/wp\/wp-json\/wp\/v2\/posts"}],"about":[{"href":"https:\/\/blogseyir.com\/wp\/wp-json\/wp\/v2\/types\/post"}],"author":[{"embeddable":true,"href":"https:\/\/blogseyir.com\/wp\/wp-json\/wp\/v2\/users\/1"}],"replies":[{"embeddable":true,"href":"https:\/\/blogseyir.com\/wp\/wp-json\/wp\/v2\/comments?post=5871"}],"version-history":[{"count":1,"href":"https:\/\/blogseyir.com\/wp\/wp-json\/wp\/v2\/posts\/5871\/revisions"}],"predecessor-version":[{"id":5872,"href":"https:\/\/blogseyir.com\/wp\/wp-json\/wp\/v2\/posts\/5871\/revisions\/5872"}],"wp:featuredmedia":[{"embeddable":true,"href":"https:\/\/blogseyir.com\/wp\/wp-json\/wp\/v2\/media\/5867"}],"wp:attachment":[{"href":"https:\/\/blogseyir.com\/wp\/wp-json\/wp\/v2\/media?parent=5871"}],"wp:term":[{"taxonomy":"category","embeddable":true,"href":"https:\/\/blogseyir.com\/wp\/wp-json\/wp\/v2\/categories?post=5871"},{"taxonomy":"post_tag","embeddable":true,"href":"https:\/\/blogseyir.com\/wp\/wp-json\/wp\/v2\/tags?post=5871"}],"curies":[{"name":"wp","href":"https:\/\/api.w.org\/{rel}","templated":true}]}}