{"id":5754,"date":"2024-12-29T15:19:14","date_gmt":"2024-12-29T15:19:14","guid":{"rendered":"https:\/\/blogseyir.com\/wp\/?p=5754"},"modified":"2024-12-29T15:19:16","modified_gmt":"2024-12-29T15:19:16","slug":"nuk-jam-as-i-pari-as-i-fundit-ledri-vula-flet-serish-per-ndarjen-nga-sara-hoxha","status":"publish","type":"post","link":"https:\/\/blogseyir.com\/wp\/nuk-jam-as-i-pari-as-i-fundit-ledri-vula-flet-serish-per-ndarjen-nga-sara-hoxha\/","title":{"rendered":"\u201cNuk jam as i pari, as i fundit\u201d \u2013 Ledri Vula flet s\u00ebrish p\u00ebr ndarjen nga Sara Hoxha"},"content":{"rendered":"<h2>K\u00ebng\u00ebtari Ledri Vula ishte i ftuari i radh\u00ebs n\u00eb rubrik\u00ebn \u201cGaleri\u201d n\u00eb \u2018E Diell\u2019..<\/h2>\n<p><img loading=\"lazy\" decoding=\"async\" class=\"wp-image-2168 alignnone size-full\" src=\"https:\/\/blogseyir.com\/wp\/wp-content\/uploads\/2024\/12\/61C392EA-AF99-42AE-9CD2-28777C17A263.jpg\" alt=\"\" width=\"750\" height=\"411\" \/><\/p>\n<p>Ai rr\u00ebfeu mes emocionesh ndarjen nga Sara Hoxha, me t\u00eb cil\u00ebn ka edhe nj\u00eb vajz\u00eb t\u00eb quajtur, Poem.<\/p>\n<p>\u201cEksperienc\u00eb shum\u00eb e bukur, deri tek lindja e Poit, n\u00ebse nj\u00eb dit\u00eb \u00ebsht\u00eb m\u00eb e ve\u00e7anta, \u00ebsht\u00eb lindja e Poit, vitet q\u00eb kan\u00eb fluturu m\u00eb shpejt\u201d, u shpreh ai fillimisht.<\/p>\n<p>Sa i p\u00ebrket arsyeve t\u00eb ndarjes, reperi tha: \u201cNuk e di, ka gj\u00ebra t\u00eb pashpjegueshme, ndodhin gj\u00ebrat, jeta, s\u2019jam as i pari, as i fundit, me r\u00ebnd\u00ebsi \u00ebsht\u00eb si e vazhdon, kemi nj\u00eb raport shum\u00eb t\u00eb mir\u00eb, jemi shok\u00eb ende me Sar\u00ebn dhe gjith\u00e7ka b\u00ebjm\u00eb p\u00ebr Poin, ajo qysh ka ardh deri aty as e kemi mendu, as e kemi fol me tregu drejt, por q\u00eb ka ardh\u201d.<\/p>\n<p>Sa i p\u00ebrket marr\u00ebdh\u00ebnies me Poin, ai shtoi se mezi pret q\u00eb ta takoj\u00eb pasi ndodhet n\u00eb Tiran\u00eb.<\/p>\n<p>\u201cMe vajz\u00ebn marr\u00ebdh\u00ebnie t\u00eb shk\u00eblqyeshme, jam shum\u00eb i lumtur q\u00eb jam n\u00eb emision me ty, por mezi po pres me ik se e kam n\u00eb Tiran\u00eb, me ik me e taku. Vij e marr n\u00eb Tiran\u00eb, rri nj\u00eb jav\u00eb, merremi vesh\u201d. \/Telegrafi\/<\/p>\n<p><iframe loading=\"lazy\" title=\"YouTube video player\" src=\"https:\/\/www.youtube.com\/embed\/6IuHJs3dqiw?si=o2PwGBnOt_URHOsD\" width=\"560\" height=\"315\" frameborder=\"0\" allowfullscreen=\"allowfullscreen\"><\/iframe><\/p>\n<div id=\"blogs-3367732330\" class=\"blogs-after-content blogs-entity-placement\"><div id=\"div-gpt-ad-1770230601260-0\" style=\"width:300px; height:600px;\"><\/div><\/div><div id=\"blogs-1381082672\" class=\"blogs-adsense-after-kontent blogs-entity-placement\"><script async src=\"https:\/\/pagead2.googlesyndication.com\/pagead\/js\/adsbygoogle.js\"\r\n     crossorigin=\"anonymous\"><\/script>\r\n<!-- Tiranaread -->\r\n<ins class=\"adsbygoogle\"\r\n     style=\"display:inline-block;width:728px;height:90px\"\r\n     data-ad-client=\"ca-pub-2355142065052501\"\r\n\t data-page-url=\"https:\/\/blogseyir.com\"\r\n     data-ad-slot=\"7464751963\"><\/ins>\r\n<script>\r\n     (adsbygoogle = window.adsbygoogle || []).push({});\r\n<\/script><\/div>","protected":false},"excerpt":{"rendered":"<p>K\u00ebng\u00ebtari Ledri Vula ishte i ftuari i radh\u00ebs n\u00eb rubrik\u00ebn \u201cGaleri\u201d n\u00eb \u2018E Diell\u2019.. Ai rr\u00ebfeu mes emocionesh ndarjen nga Sara Hoxha, me t\u00eb cil\u00ebn ka edhe nj\u00eb vajz\u00eb t\u00eb quajtur, Poem. \u201cEksperienc\u00eb shum\u00eb e bukur, deri tek lindja e Poit, n\u00ebse nj\u00eb dit\u00eb \u00ebsht\u00eb m\u00eb e ve\u00e7anta, \u00ebsht\u00eb lindja e Poit, vitet q\u00eb kan\u00eb [&hellip;]<\/p>\n","protected":false},"author":1,"featured_media":5753,"comment_status":"open","ping_status":"closed","sticky":false,"template":"","format":"standard","meta":{"footnotes":""},"categories":[33],"tags":[47,48],"class_list":["post-5754","post","type-post","status-publish","format-standard","has-post-thumbnail","hentry","category-showbizi","tag-ledri-vula","tag-sara-hoxha"],"_links":{"self":[{"href":"https:\/\/blogseyir.com\/wp\/wp-json\/wp\/v2\/posts\/5754","targetHints":{"allow":["GET"]}}],"collection":[{"href":"https:\/\/blogseyir.com\/wp\/wp-json\/wp\/v2\/posts"}],"about":[{"href":"https:\/\/blogseyir.com\/wp\/wp-json\/wp\/v2\/types\/post"}],"author":[{"embeddable":true,"href":"https:\/\/blogseyir.com\/wp\/wp-json\/wp\/v2\/users\/1"}],"replies":[{"embeddable":true,"href":"https:\/\/blogseyir.com\/wp\/wp-json\/wp\/v2\/comments?post=5754"}],"version-history":[{"count":1,"href":"https:\/\/blogseyir.com\/wp\/wp-json\/wp\/v2\/posts\/5754\/revisions"}],"predecessor-version":[{"id":5755,"href":"https:\/\/blogseyir.com\/wp\/wp-json\/wp\/v2\/posts\/5754\/revisions\/5755"}],"wp:featuredmedia":[{"embeddable":true,"href":"https:\/\/blogseyir.com\/wp\/wp-json\/wp\/v2\/media\/5753"}],"wp:attachment":[{"href":"https:\/\/blogseyir.com\/wp\/wp-json\/wp\/v2\/media?parent=5754"}],"wp:term":[{"taxonomy":"category","embeddable":true,"href":"https:\/\/blogseyir.com\/wp\/wp-json\/wp\/v2\/categories?post=5754"},{"taxonomy":"post_tag","embeddable":true,"href":"https:\/\/blogseyir.com\/wp\/wp-json\/wp\/v2\/tags?post=5754"}],"curies":[{"name":"wp","href":"https:\/\/api.w.org\/{rel}","templated":true}]}}