{"id":5747,"date":"2024-12-29T14:45:04","date_gmt":"2024-12-29T14:45:04","guid":{"rendered":"https:\/\/blogseyir.com\/wp\/?p=5747"},"modified":"2024-12-29T14:45:10","modified_gmt":"2024-12-29T14:45:10","slug":"lekundje-termeti-ne-vendin-fqinj-ja-sa-ishte-magnituda-dhe-epiqendra","status":"publish","type":"post","link":"https:\/\/blogseyir.com\/wp\/lekundje-termeti-ne-vendin-fqinj-ja-sa-ishte-magnituda-dhe-epiqendra\/","title":{"rendered":"L\u00ebkundje t\u00ebrmeti n\u00eb vendin fqinj! Ja sa ishte magnituda dhe epiqendra"},"content":{"rendered":"<p>Nj\u00eb t\u00ebrmet i fort\u00eb me magnitud\u00eb 4.2 ball\u00eb t\u00eb shkall\u00ebs Rihter ndodhi pak pas or\u00ebs 2 t\u00eb m\u00ebngjesit t\u00eb s\u00eb diel\u00ebs, n\u00eb zon\u00ebn detare pran\u00eb Karpathos, n\u00eb Greqi<\/p>\n<p>&nbsp;<\/p>\n<p><img loading=\"lazy\" decoding=\"async\" class=\"wp-image-2161 alignnone size-full\" src=\"https:\/\/blogseyir.com\/wp\/wp-content\/uploads\/2024\/12\/image-17-8.jpg\" alt=\"\" width=\"750\" height=\"442\" \/><\/p>\n<p>Sipas Institutit Gjeodinamik , l\u00ebkundjet u regjistruan 28 kilometra n\u00eb jug t\u00eb Karpathos, nd\u00ebrsa thell\u00ebsia fokale ishte 6.1 kilometra.<\/p>\n<p>Nd\u00ebrkaq deri m\u00eb tani nuk ka raportime p\u00ebr d\u00ebme.<\/p>\n<div id=\"blogs-774602517\" class=\"blogs-after-content blogs-entity-placement\"><div id=\"div-gpt-ad-1770230601260-0\" style=\"width:300px; height:600px;\"><\/div><\/div><div id=\"blogs-2388053732\" class=\"blogs-adsense-after-kontent blogs-entity-placement\"><script async src=\"https:\/\/pagead2.googlesyndication.com\/pagead\/js\/adsbygoogle.js\"\r\n     crossorigin=\"anonymous\"><\/script>\r\n<!-- Tiranaread -->\r\n<ins class=\"adsbygoogle\"\r\n     style=\"display:inline-block;width:728px;height:90px\"\r\n     data-ad-client=\"ca-pub-2355142065052501\"\r\n\t data-page-url=\"https:\/\/blogseyir.com\"\r\n     data-ad-slot=\"7464751963\"><\/ins>\r\n<script>\r\n     (adsbygoogle = window.adsbygoogle || []).push({});\r\n<\/script><\/div>","protected":false},"excerpt":{"rendered":"<p>Nj\u00eb t\u00ebrmet i fort\u00eb me magnitud\u00eb 4.2 ball\u00eb t\u00eb shkall\u00ebs Rihter ndodhi pak pas or\u00ebs 2 t\u00eb m\u00ebngjesit t\u00eb s\u00eb diel\u00ebs, n\u00eb zon\u00ebn detare pran\u00eb Karpathos, n\u00eb Greqi &nbsp; Sipas Institutit Gjeodinamik , l\u00ebkundjet u regjistruan 28 kilometra n\u00eb jug t\u00eb Karpathos, nd\u00ebrsa thell\u00ebsia fokale ishte 6.1 kilometra. Nd\u00ebrkaq deri m\u00eb tani nuk ka raportime [&hellip;]<\/p>\n","protected":false},"author":1,"featured_media":5746,"comment_status":"open","ping_status":"closed","sticky":false,"template":"","format":"standard","meta":{"footnotes":""},"categories":[32],"tags":[119,40,89],"class_list":["post-5747","post","type-post","status-publish","format-standard","has-post-thumbnail","hentry","category-te-fundit","tag-greqi","tag-te-fundit","tag-termet"],"_links":{"self":[{"href":"https:\/\/blogseyir.com\/wp\/wp-json\/wp\/v2\/posts\/5747","targetHints":{"allow":["GET"]}}],"collection":[{"href":"https:\/\/blogseyir.com\/wp\/wp-json\/wp\/v2\/posts"}],"about":[{"href":"https:\/\/blogseyir.com\/wp\/wp-json\/wp\/v2\/types\/post"}],"author":[{"embeddable":true,"href":"https:\/\/blogseyir.com\/wp\/wp-json\/wp\/v2\/users\/1"}],"replies":[{"embeddable":true,"href":"https:\/\/blogseyir.com\/wp\/wp-json\/wp\/v2\/comments?post=5747"}],"version-history":[{"count":1,"href":"https:\/\/blogseyir.com\/wp\/wp-json\/wp\/v2\/posts\/5747\/revisions"}],"predecessor-version":[{"id":5748,"href":"https:\/\/blogseyir.com\/wp\/wp-json\/wp\/v2\/posts\/5747\/revisions\/5748"}],"wp:featuredmedia":[{"embeddable":true,"href":"https:\/\/blogseyir.com\/wp\/wp-json\/wp\/v2\/media\/5746"}],"wp:attachment":[{"href":"https:\/\/blogseyir.com\/wp\/wp-json\/wp\/v2\/media?parent=5747"}],"wp:term":[{"taxonomy":"category","embeddable":true,"href":"https:\/\/blogseyir.com\/wp\/wp-json\/wp\/v2\/categories?post=5747"},{"taxonomy":"post_tag","embeddable":true,"href":"https:\/\/blogseyir.com\/wp\/wp-json\/wp\/v2\/tags?post=5747"}],"curies":[{"name":"wp","href":"https:\/\/api.w.org\/{rel}","templated":true}]}}