{"id":5417,"date":"2024-12-25T14:30:27","date_gmt":"2024-12-25T14:30:27","guid":{"rendered":"https:\/\/blogseyir.com\/wp\/?p=5417"},"modified":"2024-12-25T14:30:29","modified_gmt":"2024-12-25T14:30:29","slug":"janar-dhe-shkurt-i-eger-lajda-porja-flet-per-dimrin-e-vertete-ja-si-pritet-te-nis-2025","status":"publish","type":"post","link":"https:\/\/blogseyir.com\/wp\/janar-dhe-shkurt-i-eger-lajda-porja-flet-per-dimrin-e-vertete-ja-si-pritet-te-nis-2025\/","title":{"rendered":"&#8216;Janar dhe Shkurt i eg\u00ebr&#8230;&#8217; Lajda Porja flet p\u00ebr dimrin e v\u00ebrtet\u00eb, ja si pritet t\u00eb nis 2025!"},"content":{"rendered":"<p>Meteorologia e njohur Tanja Porja, \u00ebsht\u00eb shprehur se dit\u00ebt e fundit t\u00eb k\u00ebtij viti, t\u00eb pakt\u00ebn deri n\u00eb dat\u00ebn 2 janar t\u00eb vitit t\u00eb ardhsh\u00ebm, nuk do t\u00eb ket\u00eb reshje shiu n\u00eb vendin ton\u00eb.<\/p>\n<p>&nbsp;<\/p>\n<p><img loading=\"lazy\" decoding=\"async\" class=\"wp-image-1572 alignnone size-full\" src=\"https:\/\/blogseyir.com\/wp\/wp-content\/uploads\/2024\/12\/image-15-143.jpg\" alt=\"\" width=\"750\" height=\"502\" \/><\/p>\n<p>Porja tha se ky dhjetor \u00ebsht\u00eb klasik si dhjetor\u00ebt e para shum\u00eb viteve, pasi ka pasur reshje t\u00eb mjaftueshme shiu dhe temperatura t\u00eb ul\u00ebta gjat\u00eb mbr\u00ebmjeve.<\/p>\n<p>Gjithashtu, ajo shtoi se parashikohet q\u00eb ky dim\u00ebr t\u00eb jet\u00eb \u2018i eg\u00ebr\u2019, pasi sipas saj, muajt m\u00eb t\u00eb ftoht\u00eb pritet t\u00eb jen\u00eb janari e shkurti, por ndoshta edhe marsi.<\/p>\n<p>\u201cDy dhjetor\u00ebt e kaluar kan\u00eb qen\u00eb shum\u00eb m\u00eb t\u00eb ngroht\u00eb se dikur. Kan\u00eb patur edhe reshje n\u00eb dhjetor. Sepse n\u00eb k\u00ebt\u00eb dekad\u00eb 5 vitet e par\u00eb kan\u00eb kaluar edhe me zero reshje, nj\u00eb gj\u00eb e rrall\u00eb. Ky dhjetor ka qen\u00eb shum\u00eb i pasur me reshje.<\/p>\n<p>31 do t\u00eb jet\u00eb\u2026 t\u00eb pakt\u00ebn deri n\u00eb dat\u00ebn 2 janar nuk priten reshje. N\u00ebse do t\u00eb ket\u00eb vet\u00ebm gj\u00ebra t\u00eb vogla dhe krejt t\u00eb par\u00ebnd\u00ebsishme. N\u00eb Tiran\u00eb mund t\u00eb zbres\u00eb deri n\u00eb 0, por jo m\u00eb posht\u00eb se 0 grad\u00eb celcius.<\/p>\n<p>E kemi th\u00ebn\u00eb edhe n\u00eb parashikimin ton\u00eb mujor se ky dhjetor do t\u00eb ket\u00eb tiparet e nj\u00eb dhjetori klasik, shum\u00eb af\u00ebr motit t\u00eb dhjetorit q\u00eb ne mbajm\u00eb mend n\u00eb f\u00ebmij\u00ebrin\u00eb ton\u00eb. Mesditat kan\u00eb b\u00ebr\u00eb ndryshimin,<\/p>\n<p>sepse temperaturat kan\u00eb qen\u00eb 3-4 grad\u00eb m\u00eb t\u00eb larta se ato mesatare. Dimrin e v\u00ebrtet\u00eb e presim n\u00eb janar, shkurt, pse jo edhe n\u00eb mars. Pra \u00ebsht\u00eb hyrja p\u00ebr n\u00eb dim\u00ebr ky dhjetor. Pritet nj\u00eb janar dhe nj\u00eb shkurt i eg\u00ebr\u201d, tha Porja.<\/p>\n<div id=\"blogs-3995500051\" class=\"blogs-after-content blogs-entity-placement\"><div id=\"div-gpt-ad-1770230601260-0\" style=\"width:300px; height:600px;\"><\/div><\/div><div id=\"blogs-1675519239\" class=\"blogs-adsense-after-kontent blogs-entity-placement\"><script async src=\"https:\/\/pagead2.googlesyndication.com\/pagead\/js\/adsbygoogle.js\"\r\n     crossorigin=\"anonymous\"><\/script>\r\n<!-- Tiranaread -->\r\n<ins class=\"adsbygoogle\"\r\n     style=\"display:inline-block;width:728px;height:90px\"\r\n     data-ad-client=\"ca-pub-2355142065052501\"\r\n\t data-page-url=\"https:\/\/blogseyir.com\"\r\n     data-ad-slot=\"7464751963\"><\/ins>\r\n<script>\r\n     (adsbygoogle = window.adsbygoogle || []).push({});\r\n<\/script><\/div>","protected":false},"excerpt":{"rendered":"<p>Meteorologia e njohur Tanja Porja, \u00ebsht\u00eb shprehur se dit\u00ebt e fundit t\u00eb k\u00ebtij viti, t\u00eb pakt\u00ebn deri n\u00eb dat\u00ebn 2 janar t\u00eb vitit t\u00eb ardhsh\u00ebm, nuk do t\u00eb ket\u00eb reshje shiu n\u00eb vendin ton\u00eb. &nbsp; Porja tha se ky dhjetor \u00ebsht\u00eb klasik si dhjetor\u00ebt e para shum\u00eb viteve, pasi ka pasur reshje t\u00eb mjaftueshme shiu [&hellip;]<\/p>\n","protected":false},"author":1,"featured_media":5416,"comment_status":"open","ping_status":"closed","sticky":false,"template":"","format":"standard","meta":{"footnotes":""},"categories":[32],"tags":[234,146,39,147],"class_list":["post-5417","post","type-post","status-publish","format-standard","has-post-thumbnail","hentry","category-te-fundit","tag-ftohte","tag-lajda-porja","tag-moti","tag-shqiperi"],"_links":{"self":[{"href":"https:\/\/blogseyir.com\/wp\/wp-json\/wp\/v2\/posts\/5417","targetHints":{"allow":["GET"]}}],"collection":[{"href":"https:\/\/blogseyir.com\/wp\/wp-json\/wp\/v2\/posts"}],"about":[{"href":"https:\/\/blogseyir.com\/wp\/wp-json\/wp\/v2\/types\/post"}],"author":[{"embeddable":true,"href":"https:\/\/blogseyir.com\/wp\/wp-json\/wp\/v2\/users\/1"}],"replies":[{"embeddable":true,"href":"https:\/\/blogseyir.com\/wp\/wp-json\/wp\/v2\/comments?post=5417"}],"version-history":[{"count":1,"href":"https:\/\/blogseyir.com\/wp\/wp-json\/wp\/v2\/posts\/5417\/revisions"}],"predecessor-version":[{"id":5418,"href":"https:\/\/blogseyir.com\/wp\/wp-json\/wp\/v2\/posts\/5417\/revisions\/5418"}],"wp:featuredmedia":[{"embeddable":true,"href":"https:\/\/blogseyir.com\/wp\/wp-json\/wp\/v2\/media\/5416"}],"wp:attachment":[{"href":"https:\/\/blogseyir.com\/wp\/wp-json\/wp\/v2\/media?parent=5417"}],"wp:term":[{"taxonomy":"category","embeddable":true,"href":"https:\/\/blogseyir.com\/wp\/wp-json\/wp\/v2\/categories?post=5417"},{"taxonomy":"post_tag","embeddable":true,"href":"https:\/\/blogseyir.com\/wp\/wp-json\/wp\/v2\/tags?post=5417"}],"curies":[{"name":"wp","href":"https:\/\/api.w.org\/{rel}","templated":true}]}}