{"id":5387,"date":"2024-12-25T09:42:41","date_gmt":"2024-12-25T09:42:41","guid":{"rendered":"https:\/\/blogseyir.com\/wp\/?p=5387"},"modified":"2024-12-25T09:42:43","modified_gmt":"2024-12-25T09:42:43","slug":"prime-i-dyte-me-te-pappritura-te-medha-g-bani-bene-deklaraten-e-bujshme-dua-te-dal-nga-shtepia","status":"publish","type":"post","link":"https:\/\/blogseyir.com\/wp\/prime-i-dyte-me-te-pappritura-te-medha-g-bani-bene-deklaraten-e-bujshme-dua-te-dal-nga-shtepia\/","title":{"rendered":"Prime i dyt\u00eb me t\u00eb PAPPRITURA t\u00eb m\u00ebdha\/ G Bani b\u00ebn\u00eb deklarat\u00ebn e bujshme &#8216;Dua t\u00eb dal nga sht\u00ebpia&#8230;&#8217;"},"content":{"rendered":"<p>Pas zhurm\u00ebs q\u00eb u krijua n\u00eb sht\u00ebpi nga situata mes Valbon\u00ebs dhe G Banit, ky i fundit pak momente m\u00eb her\u00ebt b\u00ebri nj\u00eb k\u00ebrkes\u00eb t\u00eb papritur.<\/p>\n<p>&nbsp;<\/p>\n<p><img loading=\"lazy\" decoding=\"async\" class=\"wp-image-1538 alignnone size-full\" src=\"https:\/\/blogseyir.com\/wp\/wp-content\/uploads\/2024\/12\/image-15-137.jpg\" alt=\"\" width=\"750\" height=\"490\" \/><\/p>\n<p>Ai u ngrit n\u00eb mes t\u00eb living dhe teksa i k\u00ebrkoi falje banores dhe familjes s\u00eb saj, k\u00ebrkoi largimin e menj\u00ebhersh\u00ebm prej sht\u00ebpis\u00eb<\/p>\n<p>\u201cSi shtetas suedez dua t\u00eb jap dor\u00ebheqjen\u201d<\/p>\n<p>Valbona: Po ike ti, do iki dhe un\u00eb!<\/p>\n<p>Se si do t\u00eb jet\u00eb raporti mes tyre n\u00eb vazhdim, mbetet p\u00ebr t\u2019u par\u00eb!<\/p>\n<div id=\"blogs-3438763115\" class=\"blogs-after-content blogs-entity-placement\"><div id=\"div-gpt-ad-1770230601260-0\" style=\"width:300px; height:600px;\"><\/div><\/div><div id=\"blogs-2976661380\" class=\"blogs-adsense-after-kontent blogs-entity-placement\"><script async src=\"https:\/\/pagead2.googlesyndication.com\/pagead\/js\/adsbygoogle.js\"\r\n     crossorigin=\"anonymous\"><\/script>\r\n<!-- Tiranaread -->\r\n<ins class=\"adsbygoogle\"\r\n     style=\"display:inline-block;width:728px;height:90px\"\r\n     data-ad-client=\"ca-pub-2355142065052501\"\r\n\t data-page-url=\"https:\/\/blogseyir.com\"\r\n     data-ad-slot=\"7464751963\"><\/ins>\r\n<script>\r\n     (adsbygoogle = window.adsbygoogle || []).push({});\r\n<\/script><\/div>","protected":false},"excerpt":{"rendered":"<p>Pas zhurm\u00ebs q\u00eb u krijua n\u00eb sht\u00ebpi nga situata mes Valbon\u00ebs dhe G Banit, ky i fundit pak momente m\u00eb her\u00ebt b\u00ebri nj\u00eb k\u00ebrkes\u00eb t\u00eb papritur. &nbsp; Ai u ngrit n\u00eb mes t\u00eb living dhe teksa i k\u00ebrkoi falje banores dhe familjes s\u00eb saj, k\u00ebrkoi largimin e menj\u00ebhersh\u00ebm prej sht\u00ebpis\u00eb \u201cSi shtetas suedez dua t\u00eb [&hellip;]<\/p>\n","protected":false},"author":1,"featured_media":5386,"comment_status":"open","ping_status":"closed","sticky":false,"template":"","format":"standard","meta":{"footnotes":""},"categories":[32],"tags":[52,239,84],"class_list":["post-5387","post","type-post","status-publish","format-standard","has-post-thumbnail","hentry","category-te-fundit","tag-bbva","tag-g-bani","tag-valbona-mhilli"],"_links":{"self":[{"href":"https:\/\/blogseyir.com\/wp\/wp-json\/wp\/v2\/posts\/5387","targetHints":{"allow":["GET"]}}],"collection":[{"href":"https:\/\/blogseyir.com\/wp\/wp-json\/wp\/v2\/posts"}],"about":[{"href":"https:\/\/blogseyir.com\/wp\/wp-json\/wp\/v2\/types\/post"}],"author":[{"embeddable":true,"href":"https:\/\/blogseyir.com\/wp\/wp-json\/wp\/v2\/users\/1"}],"replies":[{"embeddable":true,"href":"https:\/\/blogseyir.com\/wp\/wp-json\/wp\/v2\/comments?post=5387"}],"version-history":[{"count":1,"href":"https:\/\/blogseyir.com\/wp\/wp-json\/wp\/v2\/posts\/5387\/revisions"}],"predecessor-version":[{"id":5388,"href":"https:\/\/blogseyir.com\/wp\/wp-json\/wp\/v2\/posts\/5387\/revisions\/5388"}],"wp:featuredmedia":[{"embeddable":true,"href":"https:\/\/blogseyir.com\/wp\/wp-json\/wp\/v2\/media\/5386"}],"wp:attachment":[{"href":"https:\/\/blogseyir.com\/wp\/wp-json\/wp\/v2\/media?parent=5387"}],"wp:term":[{"taxonomy":"category","embeddable":true,"href":"https:\/\/blogseyir.com\/wp\/wp-json\/wp\/v2\/categories?post=5387"},{"taxonomy":"post_tag","embeddable":true,"href":"https:\/\/blogseyir.com\/wp\/wp-json\/wp\/v2\/tags?post=5387"}],"curies":[{"name":"wp","href":"https:\/\/api.w.org\/{rel}","templated":true}]}}