{"id":5347,"date":"2024-12-24T17:47:23","date_gmt":"2024-12-24T17:47:23","guid":{"rendered":"https:\/\/blogseyir.com\/wp\/?p=5347"},"modified":"2024-12-24T17:47:25","modified_gmt":"2024-12-24T17:47:25","slug":"aksident-i-rende-ne-vend-perplasja-e-forte-i-merr-jeten-nje-personi","status":"publish","type":"post","link":"https:\/\/blogseyir.com\/wp\/aksident-i-rende-ne-vend-perplasja-e-forte-i-merr-jeten-nje-personi\/","title":{"rendered":"Aksident i r\u00ebnd\u00eb n\u00eb vend, p\u00ebrplasja e fort\u00eb i merr jet\u00ebn nj\u00eb personi!"},"content":{"rendered":"<p>Nj\u00eb aksident me vdekje ka ndodhur mbr\u00ebmjen e sotme pran\u00eb zon\u00ebs s\u00eb Spitall\u00ebs, n\u00eb Durr\u00ebs. Nj\u00eb automjet ka goditur p\u00ebr vdekje nj\u00eb person q\u00eb po l\u00ebvizte me bi\u00e7iklet\u00eb.<\/p>\n<p>&nbsp;<\/p>\n<p><img loading=\"lazy\" decoding=\"async\" class=\"wp-image-1480 alignnone size-full\" src=\"https:\/\/blogseyir.com\/wp\/wp-content\/uploads\/2024\/12\/image-15-116.jpg\" alt=\"\" width=\"750\" height=\"458\" \/><\/p>\n<p>Fatkeq\u00ebsisht i aksidentuari p\u00ebr shkak t\u00eb plag\u00ebve t\u00eb marra ka nd\u00ebrruar jet\u00eb n\u00eb moment,<\/p>\n<p>nd\u00ebrsa automjeti q\u00eb e ka p\u00ebrplasur nuk ka ndaluar p\u00ebr t\u2019i dh\u00ebn\u00eb ndihm\u00ebn e par\u00eb, por \u00ebsht\u00eb larguar me shpejt\u00ebsi.<\/p>\n<p>Policia po punon p\u00ebr identifikimin e viktim\u00ebs si dhe shpferi q\u00eb e p\u00ebrplasi p\u00ebr vdekje dhe u largua.<\/p>\n<div id=\"blogs-316962814\" class=\"blogs-after-content blogs-entity-placement\"><div id=\"div-gpt-ad-1770230601260-0\" style=\"width:300px; height:600px;\"><\/div><\/div><div id=\"blogs-1604073858\" class=\"blogs-adsense-after-kontent blogs-entity-placement\"><script async src=\"https:\/\/pagead2.googlesyndication.com\/pagead\/js\/adsbygoogle.js\"\r\n     crossorigin=\"anonymous\"><\/script>\r\n<!-- Tiranaread -->\r\n<ins class=\"adsbygoogle\"\r\n     style=\"display:inline-block;width:728px;height:90px\"\r\n     data-ad-client=\"ca-pub-2355142065052501\"\r\n\t data-page-url=\"https:\/\/blogseyir.com\"\r\n     data-ad-slot=\"7464751963\"><\/ins>\r\n<script>\r\n     (adsbygoogle = window.adsbygoogle || []).push({});\r\n<\/script><\/div>","protected":false},"excerpt":{"rendered":"<p>Nj\u00eb aksident me vdekje ka ndodhur mbr\u00ebmjen e sotme pran\u00eb zon\u00ebs s\u00eb Spitall\u00ebs, n\u00eb Durr\u00ebs. Nj\u00eb automjet ka goditur p\u00ebr vdekje nj\u00eb person q\u00eb po l\u00ebvizte me bi\u00e7iklet\u00eb. &nbsp; Fatkeq\u00ebsisht i aksidentuari p\u00ebr shkak t\u00eb plag\u00ebve t\u00eb marra ka nd\u00ebrruar jet\u00eb n\u00eb moment, nd\u00ebrsa automjeti q\u00eb e ka p\u00ebrplasur nuk ka ndaluar p\u00ebr t\u2019i dh\u00ebn\u00eb [&hellip;]<\/p>\n","protected":false},"author":1,"featured_media":5346,"comment_status":"open","ping_status":"closed","sticky":false,"template":"","format":"standard","meta":{"footnotes":""},"categories":[32],"tags":[183,184,40,41],"class_list":["post-5347","post","type-post","status-publish","format-standard","has-post-thumbnail","hentry","category-te-fundit","tag-aksident","tag-durres","tag-te-fundit","tag-vdekje"],"_links":{"self":[{"href":"https:\/\/blogseyir.com\/wp\/wp-json\/wp\/v2\/posts\/5347","targetHints":{"allow":["GET"]}}],"collection":[{"href":"https:\/\/blogseyir.com\/wp\/wp-json\/wp\/v2\/posts"}],"about":[{"href":"https:\/\/blogseyir.com\/wp\/wp-json\/wp\/v2\/types\/post"}],"author":[{"embeddable":true,"href":"https:\/\/blogseyir.com\/wp\/wp-json\/wp\/v2\/users\/1"}],"replies":[{"embeddable":true,"href":"https:\/\/blogseyir.com\/wp\/wp-json\/wp\/v2\/comments?post=5347"}],"version-history":[{"count":1,"href":"https:\/\/blogseyir.com\/wp\/wp-json\/wp\/v2\/posts\/5347\/revisions"}],"predecessor-version":[{"id":5348,"href":"https:\/\/blogseyir.com\/wp\/wp-json\/wp\/v2\/posts\/5347\/revisions\/5348"}],"wp:featuredmedia":[{"embeddable":true,"href":"https:\/\/blogseyir.com\/wp\/wp-json\/wp\/v2\/media\/5346"}],"wp:attachment":[{"href":"https:\/\/blogseyir.com\/wp\/wp-json\/wp\/v2\/media?parent=5347"}],"wp:term":[{"taxonomy":"category","embeddable":true,"href":"https:\/\/blogseyir.com\/wp\/wp-json\/wp\/v2\/categories?post=5347"},{"taxonomy":"post_tag","embeddable":true,"href":"https:\/\/blogseyir.com\/wp\/wp-json\/wp\/v2\/tags?post=5347"}],"curies":[{"name":"wp","href":"https:\/\/api.w.org\/{rel}","templated":true}]}}