{"id":5019,"date":"2024-12-21T10:42:48","date_gmt":"2024-12-21T10:42:48","guid":{"rendered":"https:\/\/blogseyir.com\/wp\/?p=5019"},"modified":"2024-12-21T10:42:49","modified_gmt":"2024-12-21T10:42:49","slug":"ishte-me-djalin-frederik-ndoci-tregon-takimin-me-parashqevin-ishte-e-divorcuar-me-pas-nisi-drama","status":"publish","type":"post","link":"https:\/\/blogseyir.com\/wp\/ishte-me-djalin-frederik-ndoci-tregon-takimin-me-parashqevin-ishte-e-divorcuar-me-pas-nisi-drama\/","title":{"rendered":"&#8216;Ishte me djalin&#8230;&#8217; Frederik Ndoci tregon takimin me Parashqevin &#8216;Ishte e divorcuar, m\u00eb pas nisi drama&#8230;&#8217;"},"content":{"rendered":"<p>K\u00ebng\u00ebtari i njohur Frederik Ndoci n\u00eb nj\u00eb intervist\u00eb t\u00eb dh\u00ebn\u00eb p\u00ebr gazetaren e Top Channel Ana Kurti, ka reaguar pas publikimit t\u00eb videos s\u00eb Parashqevi Simakut dhe rikthimit t\u00eb saj n\u00eb publik.<\/p>\n<p>&nbsp;<\/p>\n<p><img loading=\"lazy\" decoding=\"async\" class=\"wp-image-902 alignnone size-full\" src=\"https:\/\/blogseyir.com\/wp\/wp-content\/uploads\/2024\/12\/image-15-3.jpg\" alt=\"\" width=\"750\" height=\"424\" \/><\/p>\n<p>&nbsp;<\/p>\n<p>Ai u shpreh se me k\u00ebng\u00ebtaren njihen prej shum\u00eb vitesh dhe se kan\u00eb ndar\u00eb dhe sken\u00ebn s\u00eb bashku, nd\u00ebrsa tregon se kan\u00eb pasur miq\u00ebsi. Ndoci rr\u00ebfen se me Parashqevi Simakun kan\u00eb punuar p\u00ebr disa muaj s\u00eb bashku n\u00eb Amerik\u00eb, ku kan\u00eb k\u00ebnduar n\u00eb restorante me muzik\u00eb shqiptare.<br \/>\n\u201cIshte e talentuar, m\u00eb e mira n\u00eb at\u00eb koh\u00eb\u2026 E kam ditur me koh\u00eb situat\u00ebn, jam munduar ta ndihmoj sepse kemi qen\u00eb miq kemi ndar\u00eb sken\u00ebn edhe n\u00eb Shqip\u00ebri edhe n\u00eb New York\u201d<\/p>\n<p>Ai rr\u00ebfen se Simaku nuk e p\u00eblqente k\u00ebt\u00eb \u201csken\u00eb\u201d dhe se kishte refuzuar m\u00eb pas edhe oferta t\u00eb tjera q\u00eb i ishin b\u00ebr\u00eb p\u00ebr t\u00eb k\u00ebnduar n\u00eb k\u00ebto ambiente.<\/p>\n<p>\u201cCilit i p\u00eblqen q\u00eb nga skena ku hapet sipari, t\u00eb k\u00ebndoj\u00eb n\u00eb kafe?! Parshqevia e zgjodhi k\u00ebt\u00eb pik\u00eb se b\u00ebri nj\u00eb program vet\u00ebm me materialet e saj, nd\u00ebrsa un\u00eb kisha nj\u00eb repertor tjet\u00ebr. Njer\u00ebzit e kulturuar nuk nda ndiqnin dot sepse nuk kishin forc\u00eb ekonomike q\u00eb t\u00eb a ndiqnin. Ishte nj\u00eb publik q\u00eb nuk ia kuptonte mir\u00eb k\u00ebng\u00ebt\u201d<\/p>\n<p>K\u00ebng\u00ebtari rr\u00ebfeu edhe takimin q\u00eb pati me Simakun n\u00eb 2007, rast\u00ebsisht n\u00eb New York, teksa ishte bashk\u00eb me djalin e saj, pak koh\u00eb pasi ajo ishte divorcuar.<\/p>\n<p>\u201cNdaloj makin\u00ebn, ajo ishte me djalin, e pyes \u00e7far\u00eb ka ndodhur dhe m\u00eb tregoi se nuk ishte e k\u00ebnaqur me reagimin e shqiptar\u00ebve pasi ishte kthyer n\u00eb Shqip\u00ebri, ata jo se nuk donin artin e saj n\u00eb shqip, por nuk donin at\u00eb n\u00eb anglisht\u201d.<\/p>\n<p>Sipas tij divorci dhe humbja e kujdestaris\u00eb s\u00eb djalit, kan\u00eb pasur nj\u00eb ndikim t\u00eb fort\u00eb n\u00eb kthes\u00ebn e jet\u00ebs s\u00eb saj.<\/p>\n<p>\u201cUn\u00eb d\u00ebnoj \u00e7do gjykat\u00eb q\u00eb kan\u00eb marr\u00eb at\u00eb vendim n\u00ebse ajo ka qen\u00eb e p\u00ebrgjegjshme, sepse e di q\u00eb ka qen\u00eb nj\u00eb n\u00ebn\u00eb emir\u00eb si \u00e7do n\u00ebn\u00eb shqiptare. aty pastaj fillon drama\u201d.<\/p>\n<p>Ndoci thot\u00eb se \u201c\u00ebndrra amerikane\u201d p\u00ebr artist\u00ebt nuk \u00ebsht\u00eb aq e leht\u00eb.<\/p>\n<p>\u201cAsnj\u00eb artist shqiptar nuk \u00ebsht\u00eb b\u00ebr\u00eb super bos n\u00eb SHBA\u2026 \u00ebsht\u00eb shum\u00eb e v\u00ebshtir\u00eb dhe r\u00ebnia e disfat\u00ebs shpirt\u00ebrore e nj\u00eb artisti \u00ebsht\u00eb ndryshe nga nj\u00eb artist tjet\u00ebr\u201d.<\/p>\n<div id=\"blogs-1671494625\" class=\"blogs-after-content blogs-entity-placement\"><div id=\"div-gpt-ad-1770230601260-0\" style=\"width:300px; height:600px;\"><\/div><\/div><div id=\"blogs-887542923\" class=\"blogs-adsense-after-kontent blogs-entity-placement\"><script async src=\"https:\/\/pagead2.googlesyndication.com\/pagead\/js\/adsbygoogle.js\"\r\n     crossorigin=\"anonymous\"><\/script>\r\n<!-- Tiranaread -->\r\n<ins class=\"adsbygoogle\"\r\n     style=\"display:inline-block;width:728px;height:90px\"\r\n     data-ad-client=\"ca-pub-2355142065052501\"\r\n\t data-page-url=\"https:\/\/blogseyir.com\"\r\n     data-ad-slot=\"7464751963\"><\/ins>\r\n<script>\r\n     (adsbygoogle = window.adsbygoogle || []).push({});\r\n<\/script><\/div>","protected":false},"excerpt":{"rendered":"<p>K\u00ebng\u00ebtari i njohur Frederik Ndoci n\u00eb nj\u00eb intervist\u00eb t\u00eb dh\u00ebn\u00eb p\u00ebr gazetaren e Top Channel Ana Kurti, ka reaguar pas publikimit t\u00eb videos s\u00eb Parashqevi Simakut dhe rikthimit t\u00eb saj n\u00eb publik. &nbsp; &nbsp; Ai u shpreh se me k\u00ebng\u00ebtaren njihen prej shum\u00eb vitesh dhe se kan\u00eb ndar\u00eb dhe sken\u00ebn s\u00eb bashku, nd\u00ebrsa tregon se [&hellip;]<\/p>\n","protected":false},"author":1,"featured_media":5018,"comment_status":"open","ping_status":"closed","sticky":false,"template":"","format":"standard","meta":{"footnotes":""},"categories":[32],"tags":[189,44],"class_list":["post-5019","post","type-post","status-publish","format-standard","has-post-thumbnail","hentry","category-te-fundit","tag-frederik-ndoci","tag-parashqevi-simaku"],"_links":{"self":[{"href":"https:\/\/blogseyir.com\/wp\/wp-json\/wp\/v2\/posts\/5019","targetHints":{"allow":["GET"]}}],"collection":[{"href":"https:\/\/blogseyir.com\/wp\/wp-json\/wp\/v2\/posts"}],"about":[{"href":"https:\/\/blogseyir.com\/wp\/wp-json\/wp\/v2\/types\/post"}],"author":[{"embeddable":true,"href":"https:\/\/blogseyir.com\/wp\/wp-json\/wp\/v2\/users\/1"}],"replies":[{"embeddable":true,"href":"https:\/\/blogseyir.com\/wp\/wp-json\/wp\/v2\/comments?post=5019"}],"version-history":[{"count":1,"href":"https:\/\/blogseyir.com\/wp\/wp-json\/wp\/v2\/posts\/5019\/revisions"}],"predecessor-version":[{"id":5020,"href":"https:\/\/blogseyir.com\/wp\/wp-json\/wp\/v2\/posts\/5019\/revisions\/5020"}],"wp:featuredmedia":[{"embeddable":true,"href":"https:\/\/blogseyir.com\/wp\/wp-json\/wp\/v2\/media\/5018"}],"wp:attachment":[{"href":"https:\/\/blogseyir.com\/wp\/wp-json\/wp\/v2\/media?parent=5019"}],"wp:term":[{"taxonomy":"category","embeddable":true,"href":"https:\/\/blogseyir.com\/wp\/wp-json\/wp\/v2\/categories?post=5019"},{"taxonomy":"post_tag","embeddable":true,"href":"https:\/\/blogseyir.com\/wp\/wp-json\/wp\/v2\/tags?post=5019"}],"curies":[{"name":"wp","href":"https:\/\/api.w.org\/{rel}","templated":true}]}}