{"id":4955,"date":"2024-12-20T14:51:20","date_gmt":"2024-12-20T14:51:20","guid":{"rendered":"https:\/\/blogseyir.com\/wp\/?p=4955"},"modified":"2024-12-20T14:51:21","modified_gmt":"2024-12-20T14:51:21","slug":"dite-te-verteta-dimri-temperaturat-zbresin-deri-ne-lajda-porja-flet-per-parashikimin-e-motit-te-henen-dhe-te-marten-rrezikohet","status":"publish","type":"post","link":"https:\/\/blogseyir.com\/wp\/dite-te-verteta-dimri-temperaturat-zbresin-deri-ne-lajda-porja-flet-per-parashikimin-e-motit-te-henen-dhe-te-marten-rrezikohet\/","title":{"rendered":"&#8216;Dit\u00eb t\u00eb v\u00ebrteta dimri, temperaturat zbresin deri n\u00eb&#8230;&#8217; Lajda Porja flet p\u00ebr parashikimin e motit &#8216;T\u00eb h\u00ebn\u00ebn dhe t\u00eb mart\u00ebn rrezikohet&#8230;&#8217;"},"content":{"rendered":"<p>Mbr\u00ebmja e dit\u00ebs s\u00eb premte dhe nga nes\u00ebr deri t\u00eb shtun\u00ebn do t\u00eb ket\u00eb reshje shiu, nd\u00ebrsa nga fillimi i jav\u00ebs tjet\u00ebr do t\u00eb ulen temperaturat derri n\u00eb minus 5 grad\u00eb. Paralajm\u00ebrimi u dha n\u00eb Dita Jon\u00eb nga meteorologia Tanja Porja.<\/p>\n<p>&nbsp;<\/p>\n<p><img loading=\"lazy\" decoding=\"async\" class=\"wp-image-784 alignnone size-full\" src=\"https:\/\/blogseyir.com\/wp\/wp-content\/uploads\/2024\/12\/image-9-28.jpg\" alt=\"\" width=\"750\" height=\"517\" \/><\/p>\n<p>\u201cJan\u00eb zbutur kushtet e motit shtohen vran\u00ebsirat. Gjat\u00eb mbr\u00ebmjes dhe nat\u00ebs presim reshje n\u00eb veri dhe nga nes\u00ebr reshjet zbresin drejt qendr\u00ebs e jugut. Reshjet do t\u00eb vijojn\u00eb deri mesdit\u00ebn e s\u00eb shtun\u00ebs. Temperaturat t\u00eb premten do t\u00eb jen\u00eb 0-16 grad\u00eb.<\/p>\n<p>Rrebeshe afatshkurtra. Reshjet e d\u00ebbor\u00ebs do t\u00eb lokalizohen n\u00eb 900 metra lart\u00ebsi. E shtuna sjell r\u00ebnie t\u00eb theksuar t\u00eb temperaturave. Reshje d\u00ebbore n\u00eb zon\u00ebn lindore. P\u00ebrmir\u00ebsim i p\u00ebrkohsh\u00ebm i kushteve t\u00eb motit t\u00eb shtun\u00ebn deri t\u00eb diel\u00ebn. Fundjava mjaft e ftoht\u00eb. Temperatura tipike t\u00eb dimrit gjat\u00eb fundjav\u00ebs termometri zbret n\u00eb minus 5 grad\u00eb\u201d.Por dit\u00ebt e dimrit, sipas meteorologes do t\u00eb jen\u00eb n\u00eb fillim t\u00eb jav\u00ebs tjet\u00ebr. Porja paralajm\u00ebron reshje shiu dhe d\u00ebbore dhe ulje t\u00eb temperaturave. termometri zbret n\u00eb minus 5 grad\u00eb. Temperatura tipike t\u00eb dimrit gjat\u00eb fundjav\u00ebs.<\/p>\n<p>\u201cE h\u00ebna, e marta dhe m\u00eb pak e m\u00ebrkura sjellin dit\u00eb t\u00eb v\u00ebrteta dimri. Reshje shiu n\u00eb zonat e ul\u00ebta dhe bregdet. Reshje bore n\u00eb zonat malore. T\u00eb h\u00ebn\u00ebn e t\u00eb mart\u00ebn rrezikohet edhe zona e ul\u00ebt nga reshjet e d\u00ebbor\u00ebs. Java tjet\u00ebr shi e d\u00ebbor\u00eb\u201d, paralajm\u00ebroi Porja.<\/p>\n<p><iframe loading=\"lazy\" title=\"DIT\u00cb DIMRI na presin. Gati xhupat -5 grad\u00eb. Shi dhe d\u00ebbor\u00eb\" width=\"500\" height=\"281\" src=\"https:\/\/www.youtube.com\/embed\/2-3wRmBi9J8?feature=oembed\" frameborder=\"0\" allow=\"accelerometer; autoplay; clipboard-write; encrypted-media; gyroscope; picture-in-picture; web-share\" referrerpolicy=\"strict-origin-when-cross-origin\" allowfullscreen><\/iframe><\/p>\n<p>&nbsp;<\/p>\n<div id=\"blogs-1534460283\" class=\"blogs-after-content blogs-entity-placement\"><div id=\"div-gpt-ad-1770230601260-0\" style=\"width:300px; height:600px;\"><\/div><\/div><div id=\"blogs-4204183179\" class=\"blogs-adsense-after-kontent blogs-entity-placement\"><script async src=\"https:\/\/pagead2.googlesyndication.com\/pagead\/js\/adsbygoogle.js\"\r\n     crossorigin=\"anonymous\"><\/script>\r\n<!-- Tiranaread -->\r\n<ins class=\"adsbygoogle\"\r\n     style=\"display:inline-block;width:728px;height:90px\"\r\n     data-ad-client=\"ca-pub-2355142065052501\"\r\n\t data-page-url=\"https:\/\/blogseyir.com\"\r\n     data-ad-slot=\"7464751963\"><\/ins>\r\n<script>\r\n     (adsbygoogle = window.adsbygoogle || []).push({});\r\n<\/script><\/div>","protected":false},"excerpt":{"rendered":"<p>Mbr\u00ebmja e dit\u00ebs s\u00eb premte dhe nga nes\u00ebr deri t\u00eb shtun\u00ebn do t\u00eb ket\u00eb reshje shiu, nd\u00ebrsa nga fillimi i jav\u00ebs tjet\u00ebr do t\u00eb ulen temperaturat derri n\u00eb minus 5 grad\u00eb. Paralajm\u00ebrimi u dha n\u00eb Dita Jon\u00eb nga meteorologia Tanja Porja. &nbsp; \u201cJan\u00eb zbutur kushtet e motit shtohen vran\u00ebsirat. Gjat\u00eb mbr\u00ebmjes dhe nat\u00ebs presim reshje [&hellip;]<\/p>\n","protected":false},"author":1,"featured_media":4954,"comment_status":"open","ping_status":"closed","sticky":false,"template":"","format":"standard","meta":{"footnotes":""},"categories":[32],"tags":[146,39,148,147],"class_list":["post-4955","post","type-post","status-publish","format-standard","has-post-thumbnail","hentry","category-te-fundit","tag-lajda-porja","tag-moti","tag-shi","tag-shqiperi"],"_links":{"self":[{"href":"https:\/\/blogseyir.com\/wp\/wp-json\/wp\/v2\/posts\/4955","targetHints":{"allow":["GET"]}}],"collection":[{"href":"https:\/\/blogseyir.com\/wp\/wp-json\/wp\/v2\/posts"}],"about":[{"href":"https:\/\/blogseyir.com\/wp\/wp-json\/wp\/v2\/types\/post"}],"author":[{"embeddable":true,"href":"https:\/\/blogseyir.com\/wp\/wp-json\/wp\/v2\/users\/1"}],"replies":[{"embeddable":true,"href":"https:\/\/blogseyir.com\/wp\/wp-json\/wp\/v2\/comments?post=4955"}],"version-history":[{"count":1,"href":"https:\/\/blogseyir.com\/wp\/wp-json\/wp\/v2\/posts\/4955\/revisions"}],"predecessor-version":[{"id":4956,"href":"https:\/\/blogseyir.com\/wp\/wp-json\/wp\/v2\/posts\/4955\/revisions\/4956"}],"wp:featuredmedia":[{"embeddable":true,"href":"https:\/\/blogseyir.com\/wp\/wp-json\/wp\/v2\/media\/4954"}],"wp:attachment":[{"href":"https:\/\/blogseyir.com\/wp\/wp-json\/wp\/v2\/media?parent=4955"}],"wp:term":[{"taxonomy":"category","embeddable":true,"href":"https:\/\/blogseyir.com\/wp\/wp-json\/wp\/v2\/categories?post=4955"},{"taxonomy":"post_tag","embeddable":true,"href":"https:\/\/blogseyir.com\/wp\/wp-json\/wp\/v2\/tags?post=4955"}],"curies":[{"name":"wp","href":"https:\/\/api.w.org\/{rel}","templated":true}]}}