{"id":4705,"date":"2024-12-18T20:02:01","date_gmt":"2024-12-18T20:02:01","guid":{"rendered":"https:\/\/blogseyir.com\/wp\/?p=4705"},"modified":"2024-12-18T20:02:03","modified_gmt":"2024-12-18T20:02:03","slug":"ju-bien-shume-floket-mjeku-popullor-ylli-merja-merrni-keto-bime-dhe-perzieni-bashke-rezultatet-do-tju-habisin-brenda-nje-kohe-te-shkurter","status":"publish","type":"post","link":"https:\/\/blogseyir.com\/wp\/ju-bien-shume-floket-mjeku-popullor-ylli-merja-merrni-keto-bime-dhe-perzieni-bashke-rezultatet-do-tju-habisin-brenda-nje-kohe-te-shkurter\/","title":{"rendered":"Ju bien shume floket? Mjeku popullor, Ylli Merja : Merrni k\u00ebto bim\u00eb dhe p\u00ebrzieni bashk\u00eb, rezultatet do t\u2019ju habisin brenda nj\u00eb kohe t\u00eb shkurt\u00ebr"},"content":{"rendered":"<h2>Mjeku popullor Ylli Merja n\u00eb nj\u00eb intervist\u00eb n\u00eb emisionin \u2018Rreze Dielli\u2019 n\u00eb Report Tv tregoi shkaktar\u00ebt q\u00eb na cojn\u00eb n\u00eb r\u00ebnien masive t\u00eb flok\u00ebve si dhe kurat bimore p\u00ebrmes t\u00eb cilave mund t\u00eb pengojm\u00eb r\u00ebnien e tyre:<\/h2>\n<p><img loading=\"lazy\" decoding=\"async\" class=\"wp-image-480 alignnone size-full\" src=\"https:\/\/blogseyir.com\/wp\/wp-content\/uploads\/2024\/12\/3708A389-ADFF-42F2-A81C-D0B4A99C8BA7.jpg\" alt=\"\" width=\"750\" height=\"417\" \/><\/p>\n<p>Mjeku popullor Ylli Merja n\u00eb nj\u00eb intervist\u00eb n\u00eb emisionin \u2018Rreze Dielli\u2019 n\u00eb Report Tv tregoi shkaktar\u00ebt q\u00eb na cojn\u00eb n\u00eb r\u00ebnien masive t\u00eb flok\u00ebve si dhe kurat bimore p\u00ebrmes t\u00eb cilave mund t\u00eb pengojm\u00eb r\u00ebnien e tyre:<\/p>\n<p>R\u00ebnia e flo\u00ebkve \u00ebsht\u00eb pasoj\u00eb e nj\u00eb s\u00ebmundje q\u00eb fshihet dikur dhe duhet k\u00ebrkuar p\u00ebr ta gjetur. Disa nga shkaktar\u00ebt jan\u00eb anemia, gjenetika kryesisht tek meshkujt, mosha, menopauza, k\u00ebto jan\u00eb fazat ku duhet t\u00eb stimulohet nga pak.<\/p>\n<p>Mjeku popullor Ylli Merja tha se p\u00ebrgjith\u00ebsisht r\u00ebnia masive e flok\u00ebve \u00ebsht\u00eb gjenetike dhe p\u00ebr raste t\u00eb tilla ai sygjeroi k\u00ebt\u00eb mask\u00eb:<\/p>\n<p>\u201cShtypim dy tre thelpinj hudh\u00ebr, pak qep\u00eb, nj\u00eb lug\u00eb kafe me mjalt dhe mund t\u00eb marrim nj\u00eb t\u00eb verdh\u00eb veze, e shtypim p\u00ebdorim hudhr\u00ebn dhe qep\u00ebn n\u00eb m\u00ebnyr\u00eb q\u00eb t\u00eb djegim at\u00eb koren, skalpin q\u00eb \u00ebsht\u00eb b\u00ebr\u00eb si I sh\u00ebndritsh\u00ebm. Vendosim k\u00ebt\u00eb mask\u00ebn me hudh\u00ebr, qep\u00eb, q\u00eb kjo pjesa e skalpit e forcuar t\u00eb plasaritet. K\u00ebt\u00eb hudhr\u00ebn e l\u00ebm\u00eb 5-7 minuta pastaj heqim vet\u00ebm cipat e saj q\u00eb mos na djegi skalpin dhe l\u00ebm\u00eb l\u00ebngun e qep\u00ebs me mjaltin e l\u00ebm\u00eb nj\u00eb or\u00eb dhe b\u00ebjm\u00eb shplarjen. M\u00eb pas vendosim pak sprajt, q\u00eb ka ekstrakt hither, kamomil, q\u00eb kan\u00eb kripra minerale\u201d tregoi ai.<\/p>\n<p>Nj\u00eb tjet\u00ebr arsye p\u00ebr r\u00ebnien e flok\u00ebve koh\u00ebt e fundit duket se ka qen\u00eb edhe pandemia e Covid 19, ku shum\u00eb t\u00eb infektuar pas kalimit t\u00eb k\u00ebsaj s\u00ebmundje kan\u00eb pasur simptom\u00eb r\u00ebnien masive t\u00eb flok\u00ebve, sipas mjekut popullor kjo simptom\u00eb mund t\u00eb kurohet p\u00ebrmes maskave dhe k\u00ebtij vaji:<\/p>\n<p>\u201cMask\u00eb floku, e cila mir\u00eb \u00ebsht\u00eb t\u00eb p\u00ebrdoret para larjes , mund t\u00eb hedhim maksimumi nj\u00eb lug\u00eb kafe e shp\u00ebrndajm\u00eb dhe I b\u00ebjm\u00eb masazh 2-3 minuta, forcon rr\u00ebnj\u00ebn\u201d tha ai.<\/p>\n<p>Gjithashtu ai shpjegoi se mund t\u00eb p\u00ebrdorni edhe cajin e flok\u00ebve q\u00eb mund t\u00eb pihet p\u00ebr t\u00eb qet\u00ebsuar sistemin nervor n\u00ebse r\u00ebnia e tyre vjen nga stresi apo edhe nga faktor\u00eb t\u00eb tjer\u00eb.<\/p>\n<p>\u201c L\u00ebvore shelgu, faj hithre q\u00eb p\u00ebrmban acide organike sidomos ai acidi instaminik q\u00eb djeg dhe nxit qarkullimin e gjakut , me k\u00ebt\u00eb b\u00ebjm\u00eb nj\u00eb shplarje, por cajrin ehithr\u00ebs mund dhe ta pijm\u00eb. N\u00ebse personi ka krruarje, l\u00ebkur\u00eb t\u00eb yndyrshme, irritim t\u00eb skalpit mund t\u00eb p\u00ebrdoren edhe dega t\u00eb shelgut nj\u00eb ose dyvjecare p\u00ebr faktin se ato kan\u00eb acidin salicilik q\u00eb \u00ebsht\u00eb nj\u00eb dizifektant shum\u00eb I mir\u00eb p\u00ebr trupin\u201d shpjegoi ai.\/Shqiptarja.com<\/p>\n<div id=\"blogs-3041265495\" class=\"blogs-after-content blogs-entity-placement\"><div id=\"div-gpt-ad-1770230601260-0\" style=\"width:300px; height:600px;\"><\/div><\/div><div id=\"blogs-3759004294\" class=\"blogs-adsense-after-kontent blogs-entity-placement\"><script async src=\"https:\/\/pagead2.googlesyndication.com\/pagead\/js\/adsbygoogle.js\"\r\n     crossorigin=\"anonymous\"><\/script>\r\n<!-- Tiranaread -->\r\n<ins class=\"adsbygoogle\"\r\n     style=\"display:inline-block;width:728px;height:90px\"\r\n     data-ad-client=\"ca-pub-2355142065052501\"\r\n\t data-page-url=\"https:\/\/blogseyir.com\"\r\n     data-ad-slot=\"7464751963\"><\/ins>\r\n<script>\r\n     (adsbygoogle = window.adsbygoogle || []).push({});\r\n<\/script><\/div>","protected":false},"excerpt":{"rendered":"<p>Mjeku popullor Ylli Merja n\u00eb nj\u00eb intervist\u00eb n\u00eb emisionin \u2018Rreze Dielli\u2019 n\u00eb Report Tv tregoi shkaktar\u00ebt q\u00eb na cojn\u00eb n\u00eb r\u00ebnien masive t\u00eb flok\u00ebve si dhe kurat bimore p\u00ebrmes t\u00eb cilave mund t\u00eb pengojm\u00eb r\u00ebnien e tyre: Mjeku popullor Ylli Merja n\u00eb nj\u00eb intervist\u00eb n\u00eb emisionin \u2018Rreze Dielli\u2019 n\u00eb Report Tv tregoi shkaktar\u00ebt q\u00eb na [&hellip;]<\/p>\n","protected":false},"author":1,"featured_media":4704,"comment_status":"open","ping_status":"closed","sticky":false,"template":"","format":"standard","meta":{"footnotes":""},"categories":[35],"tags":[128,77],"class_list":["post-4705","post","type-post","status-publish","format-standard","has-post-thumbnail","hentry","category-keshilla-shendeti","tag-floket","tag-ylli-merja"],"_links":{"self":[{"href":"https:\/\/blogseyir.com\/wp\/wp-json\/wp\/v2\/posts\/4705","targetHints":{"allow":["GET"]}}],"collection":[{"href":"https:\/\/blogseyir.com\/wp\/wp-json\/wp\/v2\/posts"}],"about":[{"href":"https:\/\/blogseyir.com\/wp\/wp-json\/wp\/v2\/types\/post"}],"author":[{"embeddable":true,"href":"https:\/\/blogseyir.com\/wp\/wp-json\/wp\/v2\/users\/1"}],"replies":[{"embeddable":true,"href":"https:\/\/blogseyir.com\/wp\/wp-json\/wp\/v2\/comments?post=4705"}],"version-history":[{"count":1,"href":"https:\/\/blogseyir.com\/wp\/wp-json\/wp\/v2\/posts\/4705\/revisions"}],"predecessor-version":[{"id":4706,"href":"https:\/\/blogseyir.com\/wp\/wp-json\/wp\/v2\/posts\/4705\/revisions\/4706"}],"wp:featuredmedia":[{"embeddable":true,"href":"https:\/\/blogseyir.com\/wp\/wp-json\/wp\/v2\/media\/4704"}],"wp:attachment":[{"href":"https:\/\/blogseyir.com\/wp\/wp-json\/wp\/v2\/media?parent=4705"}],"wp:term":[{"taxonomy":"category","embeddable":true,"href":"https:\/\/blogseyir.com\/wp\/wp-json\/wp\/v2\/categories?post=4705"},{"taxonomy":"post_tag","embeddable":true,"href":"https:\/\/blogseyir.com\/wp\/wp-json\/wp\/v2\/tags?post=4705"}],"curies":[{"name":"wp","href":"https:\/\/api.w.org\/{rel}","templated":true}]}}