{"id":46264,"date":"2026-05-01T18:47:09","date_gmt":"2026-05-01T18:47:09","guid":{"rendered":"https:\/\/blogseyir.com\/wp\/?p=46264"},"modified":"2026-05-01T18:48:33","modified_gmt":"2026-05-01T18:48:33","slug":"dhe-di-tronditi-ne-ndare","status":"publish","type":"post","link":"https:\/\/blogseyir.com\/wp\/dhe-di-tronditi-ne-ndare\/","title":{"rendered":"\u201cRoeli po th\u00ebrret \u2018babi\u2019\u201d\/ Do festonte sot 41 vjetorin, Selvije Jao i uron dit\u00eblindjen n\u00eb parajs\u00eb Shpatit"},"content":{"rendered":"<p>Selvije Jao ka prekur zemrat e ndjek\u00ebsve t\u00eb saj me nj\u00eb dedikim tejet t\u00eb ndjer\u00eb p\u00ebr ish-bashk\u00ebshortin e saj t\u00eb ndjer\u00eb, k\u00ebng\u00ebtarin e njohur Shpat Kasapi.<\/p>\n<p>Sot, m\u00eb 1 maj, artisti i ndjer\u00eb do t\u00eb festonte dit\u00eblindjen e tij t\u00eb 41-t\u00eb, nj\u00eb dit\u00eb q\u00eb tashm\u00eb sjell trishtim dhe kujtime t\u00eb pashlyeshme p\u00ebr familjen dhe gjith\u00eb dashamir\u00ebsit e tij.<\/p>\n<p>P\u00ebrmes nj\u00eb postimi n\u00eb llogarin\u00eb e saj n\u00eb Instagram, Selvija ka ndar\u00eb nj\u00eb video ku Shpati shfaqet krah djalit t\u00eb tyre t\u00eb vog\u00ebl, Roelit.<\/p>\n<p>Krahas postimit, ajo ka shkruar fjal\u00eb emocionuese q\u00eb tregojn\u00eb dhimbjen p\u00ebr munges\u00ebn e tij, por nj\u00ebkoh\u00ebsisht edhe ndjesin\u00eb e thell\u00eb se ai mbetet pran\u00eb tyre shpirt\u00ebrisht.<\/p>\n<p>\u201cSot \u00ebsht\u00eb dita jote\u2026 Ti nuk je larg, je vet\u00ebm n\u00eb nj\u00eb form\u00eb tjet\u00ebr: engj\u00eblli yn\u00eb mbrojt\u00ebs. \u00c7do bekim q\u00eb na vjen, \u00e7do gj\u00eb e bukur q\u00eb na ndodh, e ndiej si shenj\u00eb nga ti,\u201d ka shkruar ajo n\u00eb postimin e saj.<\/p>\n<p>N\u00eb dedikimin e saj, Selvija tregon se sa e ndjen pranin\u00eb e tij p\u00ebrmes veprimeve t\u00eb djalit t\u00eb tyre.<\/p>\n<p>\u201cRoeli po thot\u00eb \u2018Daddy\u2019\u2026 dhe zemra ime e di q\u00eb ti e d\u00ebgjon q\u00eb je pran\u00eb nesh. Urime dit\u00eblindjen n\u00eb parajs\u00eb, Shpat. 5 muaj pa ty por gjithmon\u00eb n\u00eb zemrat tona,\u201d ka p\u00ebrfunduar ajo fjal\u00ebt e saj drith\u00ebruese.<\/p>\n<p><img loading=\"lazy\" decoding=\"async\" src=\"https:\/\/blogseyir.com\/wp\/wp-content\/uploads\/2026\/05\/image-1-10.jpg\" alt=\"\" width=\"1152\" height=\"2257\" class=\"alignnone size-full wp-image-13375\" \/><br \/>\nKujtojm\u00eb se k\u00ebng\u00ebtari aq i dashur p\u00ebr publikun u nda nga jeta papritur 5 muaj m\u00eb par\u00eb, n\u00eb n\u00ebntor t\u00eb vitit 2025, si pasoj\u00eb e nj\u00eb ataku kardiak teksa ndodhej n\u00eb Itali.<\/p>\n<p>Vdekja e tij e parakohshme n\u00eb mosh\u00ebn 40-vje\u00e7are tronditi thell\u00eb muzik\u00ebn shqiptare, duke l\u00ebn\u00eb pas nj\u00eb boshll\u00ebk t\u00eb madh, nj\u00eb f\u00ebmij\u00eb t\u00eb vog\u00ebl dhe hite t\u00eb panum\u00ebrta q\u00eb e b\u00ebn\u00eb at\u00eb t\u00eb pavdeksh\u00ebm p\u00ebr publikun.<\/p>\n<div id=\"blogs-2444476155\" class=\"blogs-after-content blogs-entity-placement\"><div id=\"div-gpt-ad-1770230601260-0\" style=\"width:300px; height:600px;\"><\/div><\/div><div id=\"blogs-3371398726\" class=\"blogs-adsense-after-kontent blogs-entity-placement\"><script async src=\"https:\/\/pagead2.googlesyndication.com\/pagead\/js\/adsbygoogle.js\"\r\n     crossorigin=\"anonymous\"><\/script>\r\n<!-- Tiranaread -->\r\n<ins class=\"adsbygoogle\"\r\n     style=\"display:inline-block;width:728px;height:90px\"\r\n     data-ad-client=\"ca-pub-2355142065052501\"\r\n\t data-page-url=\"https:\/\/blogseyir.com\"\r\n     data-ad-slot=\"7464751963\"><\/ins>\r\n<script>\r\n     (adsbygoogle = window.adsbygoogle || []).push({});\r\n<\/script><\/div>","protected":false},"excerpt":{"rendered":"<p>Selvije Jao ka prekur zemrat e ndjek\u00ebsve t\u00eb saj me nj\u00eb dedikim tejet t\u00eb ndjer\u00eb p\u00ebr ish-bashk\u00ebshortin e saj t\u00eb ndjer\u00eb, k\u00ebng\u00ebtarin e njohur Shpat Kasapi. Sot, m\u00eb 1 maj, artisti i ndjer\u00eb do t\u00eb festonte dit\u00eblindjen e tij t\u00eb 41-t\u00eb, nj\u00eb dit\u00eb q\u00eb tashm\u00eb sjell trishtim dhe kujtime t\u00eb pashlyeshme p\u00ebr familjen dhe gjith\u00eb [&hellip;]<\/p>\n","protected":false},"author":1,"featured_media":46266,"comment_status":"open","ping_status":"closed","sticky":false,"template":"","format":"standard","meta":{"footnotes":""},"categories":[34],"tags":[],"class_list":["post-46264","post","type-post","status-publish","format-standard","has-post-thumbnail","hentry","category-tvshow"],"_links":{"self":[{"href":"https:\/\/blogseyir.com\/wp\/wp-json\/wp\/v2\/posts\/46264","targetHints":{"allow":["GET"]}}],"collection":[{"href":"https:\/\/blogseyir.com\/wp\/wp-json\/wp\/v2\/posts"}],"about":[{"href":"https:\/\/blogseyir.com\/wp\/wp-json\/wp\/v2\/types\/post"}],"author":[{"embeddable":true,"href":"https:\/\/blogseyir.com\/wp\/wp-json\/wp\/v2\/users\/1"}],"replies":[{"embeddable":true,"href":"https:\/\/blogseyir.com\/wp\/wp-json\/wp\/v2\/comments?post=46264"}],"version-history":[{"count":1,"href":"https:\/\/blogseyir.com\/wp\/wp-json\/wp\/v2\/posts\/46264\/revisions"}],"predecessor-version":[{"id":46265,"href":"https:\/\/blogseyir.com\/wp\/wp-json\/wp\/v2\/posts\/46264\/revisions\/46265"}],"wp:featuredmedia":[{"embeddable":true,"href":"https:\/\/blogseyir.com\/wp\/wp-json\/wp\/v2\/media\/46266"}],"wp:attachment":[{"href":"https:\/\/blogseyir.com\/wp\/wp-json\/wp\/v2\/media?parent=46264"}],"wp:term":[{"taxonomy":"category","embeddable":true,"href":"https:\/\/blogseyir.com\/wp\/wp-json\/wp\/v2\/categories?post=46264"},{"taxonomy":"post_tag","embeddable":true,"href":"https:\/\/blogseyir.com\/wp\/wp-json\/wp\/v2\/tags?post=46264"}],"curies":[{"name":"wp","href":"https:\/\/api.w.org\/{rel}","templated":true}]}}