{"id":46137,"date":"2026-04-26T13:35:11","date_gmt":"2026-04-26T13:35:11","guid":{"rendered":"https:\/\/blogseyir.com\/wp\/?p=46137"},"modified":"2026-04-26T13:36:50","modified_gmt":"2026-04-26T13:36:50","slug":"policia-pamjet-paraprakisht-as-automjeti","status":"publish","type":"post","link":"https:\/\/blogseyir.com\/wp\/policia-pamjet-paraprakisht-as-automjeti\/","title":{"rendered":"Tronditet vendi, t\u00eb sht\u00ebna me arm\u00eb zjarri, dyshohet p\u00ebr&#8230;"},"content":{"rendered":"<p>Identiteti i tyre nuk b\u00ebhet me dije, dhe as rrethanat e ngjarjes.<\/p>\n<p>Paraprakisht dyshohet se atentati ka ndodhur teksa viktimat kan\u00eb qen\u00eb n\u00eb l\u00ebvizje. Sikurse duket nga pamjet e siguruara nga korrespondentja e Top Channel Brixhilda Deda, automjeti ka marr\u00eb disa plumba.<\/p>\n<p>Dy persona dyshohet se jan\u00eb vrar\u00eb pasditen e k\u00ebsaj t\u00eb diele n\u00eb Lezh\u00eb.<\/p>\n<p>Policia nd\u00ebrkoh\u00eb ndodhet n\u00eb vendin e ngjarjes.\/Top Channel<\/p>\n<div id=\"blogs-3020161405\" class=\"blogs-after-content blogs-entity-placement\"><div id=\"div-gpt-ad-1770230601260-0\" style=\"width:300px; height:600px;\"><\/div><\/div><div id=\"blogs-2859327142\" class=\"blogs-adsense-after-kontent blogs-entity-placement\"><script async src=\"https:\/\/pagead2.googlesyndication.com\/pagead\/js\/adsbygoogle.js\"\r\n     crossorigin=\"anonymous\"><\/script>\r\n<!-- Tiranaread -->\r\n<ins class=\"adsbygoogle\"\r\n     style=\"display:inline-block;width:728px;height:90px\"\r\n     data-ad-client=\"ca-pub-2355142065052501\"\r\n\t data-page-url=\"https:\/\/blogseyir.com\"\r\n     data-ad-slot=\"7464751963\"><\/ins>\r\n<script>\r\n     (adsbygoogle = window.adsbygoogle || []).push({});\r\n<\/script><\/div>","protected":false},"excerpt":{"rendered":"<p>Identiteti i tyre nuk b\u00ebhet me dije, dhe as rrethanat e ngjarjes. Paraprakisht dyshohet se atentati ka ndodhur teksa viktimat kan\u00eb qen\u00eb n\u00eb l\u00ebvizje. Sikurse duket nga pamjet e siguruara nga korrespondentja e Top Channel Brixhilda Deda, automjeti ka marr\u00eb disa plumba. Dy persona dyshohet se jan\u00eb vrar\u00eb pasditen e k\u00ebsaj t\u00eb diele n\u00eb Lezh\u00eb. [&hellip;]<\/p>\n","protected":false},"author":1,"featured_media":46139,"comment_status":"open","ping_status":"closed","sticky":false,"template":"","format":"standard","meta":{"footnotes":""},"categories":[34],"tags":[],"class_list":["post-46137","post","type-post","status-publish","format-standard","has-post-thumbnail","hentry","category-tvshow"],"_links":{"self":[{"href":"https:\/\/blogseyir.com\/wp\/wp-json\/wp\/v2\/posts\/46137","targetHints":{"allow":["GET"]}}],"collection":[{"href":"https:\/\/blogseyir.com\/wp\/wp-json\/wp\/v2\/posts"}],"about":[{"href":"https:\/\/blogseyir.com\/wp\/wp-json\/wp\/v2\/types\/post"}],"author":[{"embeddable":true,"href":"https:\/\/blogseyir.com\/wp\/wp-json\/wp\/v2\/users\/1"}],"replies":[{"embeddable":true,"href":"https:\/\/blogseyir.com\/wp\/wp-json\/wp\/v2\/comments?post=46137"}],"version-history":[{"count":1,"href":"https:\/\/blogseyir.com\/wp\/wp-json\/wp\/v2\/posts\/46137\/revisions"}],"predecessor-version":[{"id":46138,"href":"https:\/\/blogseyir.com\/wp\/wp-json\/wp\/v2\/posts\/46137\/revisions\/46138"}],"wp:featuredmedia":[{"embeddable":true,"href":"https:\/\/blogseyir.com\/wp\/wp-json\/wp\/v2\/media\/46139"}],"wp:attachment":[{"href":"https:\/\/blogseyir.com\/wp\/wp-json\/wp\/v2\/media?parent=46137"}],"wp:term":[{"taxonomy":"category","embeddable":true,"href":"https:\/\/blogseyir.com\/wp\/wp-json\/wp\/v2\/categories?post=46137"},{"taxonomy":"post_tag","embeddable":true,"href":"https:\/\/blogseyir.com\/wp\/wp-json\/wp\/v2\/tags?post=46137"}],"curies":[{"name":"wp","href":"https:\/\/api.w.org\/{rel}","templated":true}]}}