{"id":46105,"date":"2026-04-25T15:11:34","date_gmt":"2026-04-25T15:11:34","guid":{"rendered":"https:\/\/blogseyir.com\/wp\/?p=46105"},"modified":"2026-04-25T15:12:51","modified_gmt":"2026-04-25T15:12:51","slug":"kaq-intrigat-ermiona-vip-u","status":"publish","type":"post","link":"https:\/\/blogseyir.com\/wp\/kaq-intrigat-ermiona-vip-u\/","title":{"rendered":"\u201cM\u00eb vjen keq q\u00eb dola\u201d, Ermiona Lekbello emocionohet n\u00eb Ferma Club: Pishmani i vet\u00ebm q\u00eb kam"},"content":{"rendered":"<p>Ermiona Lekbello u largua mbr\u00ebmjen e djeshme nga Ferma VIP, duke vendosur t\u00eb nd\u00ebrpres\u00eb rrug\u00ebtimin e saj n\u00eb gar\u00eb. Ajo deklaroi se nuk ndihej mir\u00eb me energjin\u00eb n\u00eb ambientin mes fermer\u00ebve, \u00e7ka ndikoi n\u00eb vendimin p\u00ebr t\u2019u t\u00ebrhequr.<\/p>\n<p>E ftuar sot n\u00eb Ferma Club, Lekbello u shpreh se \u00ebsht\u00eb penduar p\u00ebr largimin, kryesisht p\u00ebr shkak t\u00eb mb\u00ebshtetjes s\u00eb madhe q\u00eb ka marr\u00eb nga publiku. Ajo tregoi se kishte kaluar or\u00eb t\u00eb t\u00ebra duke lexuar mesazhet n\u00eb rrjetet sociale, duke theksuar se nuk e kishte pritur nj\u00eb reagim kaq t\u00eb fort\u00eb dhe pozitiv.<\/p>\n<p>\u201cM\u00eb vjen keq q\u00eb dola. Nuk e dija q\u00eb m\u00eb doni kaq shum\u00eb dhe q\u00eb ju kishte marr\u00eb malli kaq shum\u00eb p\u00ebr mua. Kam ndenjur deri n\u00eb 6 t\u00eb m\u00ebngjesit duke i lexuar, por jan\u00eb shum\u00eb dhe nuk i kam fal\u00ebnderuar dot t\u00eb gjith\u00eb. Por do vij prap\u00eb p\u00ebr fitoren e Moz\u00ebs. Jam b\u00ebr\u00eb pishman vet\u00ebm p\u00ebr publikun q\u00eb nuk do m\u00eb shoh\u00eb m\u00eb. Shqip\u00ebria paska njer\u00ebz q\u00eb nuk duan intrigat, nuk t\u00eb fusin thik\u00ebn dhe pastaj t\u00eb qajn\u00eb. P\u00ebrderisa m\u00eb doni kaq shum\u00eb, ju dua, ju adhuroj. Shqip\u00ebria ka shum\u00eb p\u00ebr t\u00eb ecur p\u00ebrpara\u201d, u shpreh Ermiona.<\/p>\n<div id=\"blogs-3745154783\" class=\"blogs-after-content blogs-entity-placement\"><div id=\"div-gpt-ad-1770230601260-0\" style=\"width:300px; height:600px;\"><\/div><\/div><div id=\"blogs-2616472421\" class=\"blogs-adsense-after-kontent blogs-entity-placement\"><script async src=\"https:\/\/pagead2.googlesyndication.com\/pagead\/js\/adsbygoogle.js\"\r\n     crossorigin=\"anonymous\"><\/script>\r\n<!-- Tiranaread -->\r\n<ins class=\"adsbygoogle\"\r\n     style=\"display:inline-block;width:728px;height:90px\"\r\n     data-ad-client=\"ca-pub-2355142065052501\"\r\n\t data-page-url=\"https:\/\/blogseyir.com\"\r\n     data-ad-slot=\"7464751963\"><\/ins>\r\n<script>\r\n     (adsbygoogle = window.adsbygoogle || []).push({});\r\n<\/script><\/div>","protected":false},"excerpt":{"rendered":"<p>Ermiona Lekbello u largua mbr\u00ebmjen e djeshme nga Ferma VIP, duke vendosur t\u00eb nd\u00ebrpres\u00eb rrug\u00ebtimin e saj n\u00eb gar\u00eb. Ajo deklaroi se nuk ndihej mir\u00eb me energjin\u00eb n\u00eb ambientin mes fermer\u00ebve, \u00e7ka ndikoi n\u00eb vendimin p\u00ebr t\u2019u t\u00ebrhequr. E ftuar sot n\u00eb Ferma Club, Lekbello u shpreh se \u00ebsht\u00eb penduar p\u00ebr largimin, kryesisht p\u00ebr shkak [&hellip;]<\/p>\n","protected":false},"author":1,"featured_media":46107,"comment_status":"open","ping_status":"closed","sticky":false,"template":"","format":"standard","meta":{"footnotes":""},"categories":[34],"tags":[],"class_list":["post-46105","post","type-post","status-publish","format-standard","has-post-thumbnail","hentry","category-tvshow"],"_links":{"self":[{"href":"https:\/\/blogseyir.com\/wp\/wp-json\/wp\/v2\/posts\/46105","targetHints":{"allow":["GET"]}}],"collection":[{"href":"https:\/\/blogseyir.com\/wp\/wp-json\/wp\/v2\/posts"}],"about":[{"href":"https:\/\/blogseyir.com\/wp\/wp-json\/wp\/v2\/types\/post"}],"author":[{"embeddable":true,"href":"https:\/\/blogseyir.com\/wp\/wp-json\/wp\/v2\/users\/1"}],"replies":[{"embeddable":true,"href":"https:\/\/blogseyir.com\/wp\/wp-json\/wp\/v2\/comments?post=46105"}],"version-history":[{"count":1,"href":"https:\/\/blogseyir.com\/wp\/wp-json\/wp\/v2\/posts\/46105\/revisions"}],"predecessor-version":[{"id":46106,"href":"https:\/\/blogseyir.com\/wp\/wp-json\/wp\/v2\/posts\/46105\/revisions\/46106"}],"wp:featuredmedia":[{"embeddable":true,"href":"https:\/\/blogseyir.com\/wp\/wp-json\/wp\/v2\/media\/46107"}],"wp:attachment":[{"href":"https:\/\/blogseyir.com\/wp\/wp-json\/wp\/v2\/media?parent=46105"}],"wp:term":[{"taxonomy":"category","embeddable":true,"href":"https:\/\/blogseyir.com\/wp\/wp-json\/wp\/v2\/categories?post=46105"},{"taxonomy":"post_tag","embeddable":true,"href":"https:\/\/blogseyir.com\/wp\/wp-json\/wp\/v2\/tags?post=46105"}],"curies":[{"name":"wp","href":"https:\/\/api.w.org\/{rel}","templated":true}]}}