{"id":46081,"date":"2026-04-24T19:44:52","date_gmt":"2026-04-24T19:44:52","guid":{"rendered":"https:\/\/blogseyir.com\/wp\/?p=46081"},"modified":"2026-04-24T19:44:53","modified_gmt":"2026-04-24T19:44:53","slug":"kjo-banore-e-ferma-vip-3-largohet-nga-gara","status":"publish","type":"post","link":"https:\/\/blogseyir.com\/wp\/kjo-banore-e-ferma-vip-3-largohet-nga-gara\/","title":{"rendered":"Kjo banore e Ferma Vip 3, largohet nga gara"},"content":{"rendered":"<p>Ermiona Lekbello e ka l\u00ebn\u00eb p\u00ebrfundimisht sht\u00ebpin\u00eb e \u201cFerma VIP 3\u201d, n\u00eb nj\u00eb moment t\u00eb pazakont\u00eb p\u00ebr nisjen e spektaklit t\u00eb k\u00ebsaj t\u00eb premteje.<\/p>\n<p>Sapo moderatorja Arbana Osmani u lidh me fermer\u00ebt, nga Ermiona erdhi nj\u00eb k\u00ebrkes\u00eb e papritur: ajo k\u00ebrkoi t\u00eb nd\u00ebrpres\u00eb menj\u00ebher\u00eb rrug\u00ebtimin e saj n\u00eb reality-show, duke deklaruar se nuk po ndjehet mir\u00eb n\u00eb ambient dhe se energjia mes banor\u00ebve nuk \u00ebsht\u00eb e p\u00ebrshtatshme p\u00ebr t\u00eb.<\/p>\n<p>\u201cUn\u00eb po e l\u00eb rrug\u00ebtimin tim k\u00ebtu. Ju p\u00ebrsh\u00ebndes t\u00eb gjith\u00ebve dhe shpresoj t\u00eb b\u00ebheni njer\u00ebz m\u00eb t\u00eb mir\u00eb me nj\u00ebri-tjetrin. Kam nj\u00eb energji jo t\u00eb mir\u00eb k\u00ebtu. Nuk mundem dot t\u00eb rri m\u00eb n\u00eb k\u00ebt\u00eb ambient. K\u00ebtu ndodhin gj\u00ebra q\u00eb un\u00eb nuk i mbaj dot\u201d, u shpreh Lekbello gjat\u00eb bised\u00ebs.<\/p>\n<p>E pyetur nga Arbana se \u00e7far\u00eb konkretisht e kishte shtyr\u00eb n\u00eb k\u00ebt\u00eb vendim, Ermiona renditi disa arsye q\u00eb, sipas saj, e kan\u00eb b\u00ebr\u00eb t\u00eb ndihet e ngarkuar emocionalisht.<\/p>\n<p>\u201cEnergjia, ngacmimet, sharjet, shikimet mosp\u00ebrfill\u00ebse. Un\u00eb do ta l\u00eb tani n\u00eb k\u00ebto momente. Nuk po rri dot. Kam nj\u00eb p\u00ebshtirje brenda meje q\u00eb kisha koh\u00eb q\u00eb nuk e ndjeja dhe nuk ndihem mir\u00eb\u201d, tha ajo.<\/p>\n<p>Megjithat\u00eb, duke qen\u00eb se Ermiona ishte n\u00eb televotim, moderatorja i k\u00ebrkoi q\u00eb t\u00eb priste fillimisht verdiktin e publikut, n\u00eb respekt t\u00eb atyre q\u00eb kan\u00eb votuar.<\/p>\n<p>\u201cSa \u00ebsht\u00eb mbyllur televotimi ku ishe pjes\u00eb edhe ti. Un\u00eb s\u2019e di si ka shkuar ky televotim, por n\u00eb respekt t\u00eb publikut do t\u00eb k\u00ebrkoja t\u00eb presim vendimin e publikut\u2026 Kjo p\u00ebr t\u00eb respektuar njer\u00ebzit\u201d, u shpreh Arbana Osmani.<\/p>\n<p>Ermiona u pajtua me k\u00ebt\u00eb k\u00ebrkes\u00eb, duke theksuar se motivi kryesor pse kishte hyr\u00eb n\u00eb \u201cFerma VIP\u201d kishte qen\u00eb publiku.<\/p>\n<p>\u201cN\u00eb rregull. Vet\u00ebm p\u00ebr publikun u futa k\u00ebtu\u201d, p\u00ebrfundoi ajo.<\/p>\n<p>Largimi i saj sh\u00ebnon nj\u00eb tjet\u00ebr zhvillim t\u00eb fort\u00eb n\u00eb \u201cFerma VIP 3\u201d, nd\u00ebrsa pritet t\u00eb shihet se si do t\u00eb ndikoj\u00eb kjo dalje n\u00eb dinamikat e loj\u00ebs dhe te banor\u00ebt e tjer\u00eb brenda ferm\u00ebs. \/Telegrafi\/<\/p>\n<p><img loading=\"lazy\" decoding=\"async\" class=\"alignnone size-full wp-image-13073\" src=\"https:\/\/blogseyir.com\/wp\/wp-content\/uploads\/2026\/04\/image-5-165.jpg\" alt=\"\" width=\"1134\" height=\"861\" \/><\/p>\n<div id=\"blogs-2630463226\" class=\"blogs-after-content blogs-entity-placement\"><div id=\"div-gpt-ad-1770230601260-0\" style=\"width:300px; height:600px;\"><\/div><\/div><div id=\"blogs-513976055\" class=\"blogs-adsense-after-kontent blogs-entity-placement\"><script async src=\"https:\/\/pagead2.googlesyndication.com\/pagead\/js\/adsbygoogle.js\"\r\n     crossorigin=\"anonymous\"><\/script>\r\n<!-- Tiranaread -->\r\n<ins class=\"adsbygoogle\"\r\n     style=\"display:inline-block;width:728px;height:90px\"\r\n     data-ad-client=\"ca-pub-2355142065052501\"\r\n\t data-page-url=\"https:\/\/blogseyir.com\"\r\n     data-ad-slot=\"7464751963\"><\/ins>\r\n<script>\r\n     (adsbygoogle = window.adsbygoogle || []).push({});\r\n<\/script><\/div>","protected":false},"excerpt":{"rendered":"<p>Ermiona Lekbello e ka l\u00ebn\u00eb p\u00ebrfundimisht sht\u00ebpin\u00eb e \u201cFerma VIP 3\u201d, n\u00eb nj\u00eb moment t\u00eb pazakont\u00eb p\u00ebr nisjen e spektaklit t\u00eb k\u00ebsaj t\u00eb premteje. Sapo moderatorja Arbana Osmani u lidh me fermer\u00ebt, nga Ermiona erdhi nj\u00eb k\u00ebrkes\u00eb e papritur: ajo k\u00ebrkoi t\u00eb nd\u00ebrpres\u00eb menj\u00ebher\u00eb rrug\u00ebtimin e saj n\u00eb reality-show, duke deklaruar se nuk po ndjehet [&hellip;]<\/p>\n","protected":false},"author":1,"featured_media":46083,"comment_status":"open","ping_status":"closed","sticky":false,"template":"","format":"standard","meta":{"footnotes":""},"categories":[33],"tags":[2528,2464],"class_list":["post-46081","post","type-post","status-publish","format-standard","has-post-thumbnail","hentry","category-showbizi","tag-ermiona-lekbello","tag-ferma-vip-3"],"_links":{"self":[{"href":"https:\/\/blogseyir.com\/wp\/wp-json\/wp\/v2\/posts\/46081","targetHints":{"allow":["GET"]}}],"collection":[{"href":"https:\/\/blogseyir.com\/wp\/wp-json\/wp\/v2\/posts"}],"about":[{"href":"https:\/\/blogseyir.com\/wp\/wp-json\/wp\/v2\/types\/post"}],"author":[{"embeddable":true,"href":"https:\/\/blogseyir.com\/wp\/wp-json\/wp\/v2\/users\/1"}],"replies":[{"embeddable":true,"href":"https:\/\/blogseyir.com\/wp\/wp-json\/wp\/v2\/comments?post=46081"}],"version-history":[{"count":1,"href":"https:\/\/blogseyir.com\/wp\/wp-json\/wp\/v2\/posts\/46081\/revisions"}],"predecessor-version":[{"id":46082,"href":"https:\/\/blogseyir.com\/wp\/wp-json\/wp\/v2\/posts\/46081\/revisions\/46082"}],"wp:featuredmedia":[{"embeddable":true,"href":"https:\/\/blogseyir.com\/wp\/wp-json\/wp\/v2\/media\/46083"}],"wp:attachment":[{"href":"https:\/\/blogseyir.com\/wp\/wp-json\/wp\/v2\/media?parent=46081"}],"wp:term":[{"taxonomy":"category","embeddable":true,"href":"https:\/\/blogseyir.com\/wp\/wp-json\/wp\/v2\/categories?post=46081"},{"taxonomy":"post_tag","embeddable":true,"href":"https:\/\/blogseyir.com\/wp\/wp-json\/wp\/v2\/tags?post=46081"}],"curies":[{"name":"wp","href":"https:\/\/api.w.org\/{rel}","templated":true}]}}