{"id":46001,"date":"2026-04-23T15:40:08","date_gmt":"2026-04-23T15:40:08","guid":{"rendered":"https:\/\/blogseyir.com\/wp\/?p=46001"},"modified":"2026-04-23T15:42:19","modified_gmt":"2026-04-23T15:42:19","slug":"aspak-rastesi-vanesa-habit","status":"publish","type":"post","link":"https:\/\/blogseyir.com\/wp\/aspak-rastesi-vanesa-habit\/","title":{"rendered":"Aspak rast\u00ebsi\/ Vanesa habit me deklarat\u00ebn p\u00ebr puthjen me v\u00ebllain e saj: \u201cE kam puthur si\u00e7\u2026\u201d"},"content":{"rendered":"<p>Situata q\u00eb shkaktoi nj\u00eb \u201ct\u00ebrmet\u201d komentesh n\u00eb rrjet, ku Vanesa u shfaq duke puthur v\u00ebllain e saj n\u00eb buz\u00eb gjat\u00eb surpriz\u00ebs n\u00eb \u201cFerma VIP\u201d, \u00ebsht\u00eb rikthyer s\u00ebrish n\u00eb qend\u00ebr t\u00eb v\u00ebmendjes.<\/p>\n<p>K\u00ebt\u00eb her\u00eb, ka qen\u00eb vet\u00eb Vanesa ajo q\u00eb ka folur p\u00ebr k\u00ebt\u00eb moment gjat\u00eb nj\u00eb diskutimi me fermer\u00ebt e tjer\u00eb.<\/p>\n<p>E pyetur n\u00ebse i mban mend t\u00eb gjitha detajet e bised\u00ebs dhe takimit me t\u00eb v\u00ebllain, ajo ka b\u00ebr\u00eb nj\u00eb rr\u00ebfim q\u00eb ka l\u00ebn\u00eb pa fjal\u00eb ndjek\u00ebsit, duke konfirmuar se puthja nuk ishte nj\u00eb rast\u00ebsi e momentit, por nj\u00eb form\u00eb e tyra e shprehjes s\u00eb dashuris\u00eb.<\/p>\n<p>\u201cGjysmat e gj\u00ebrave nuk i mbaj mend, sidomos n\u00eb fillim. N\u00eb fillim kur shkova di vet\u00ebm q\u00eb e kam puthur, dhe e kam puthur si\u00e7 e puth un\u00eb n\u00eb buz\u00eb v\u00ebllain,\u201d* u shpreh ajo hapur.<\/p>\n<p><iframe loading=\"lazy\" class=\"wp-embedded-content\" sandbox=\"allow-scripts\" security=\"restricted\" title=\"asdzxc\" src=\"https:\/\/streamable.com\/o\/pnaog1#?secret=2XL3QNZxB7\" data-secret=\"2XL3QNZxB7\" frameborder=\"0\" scrolling=\"no\" width=\"720\" height=\"1280\"><\/iframe><\/p>\n<p>Megjithat\u00eb, reflektimi i saj nuk u mbyll me aq. Vanesa la t\u00eb kuptohet se vet\u00ebm pasi kaloi emocioni i par\u00eb, ajo e kuptoi impaktin q\u00eb ky veprim mund t\u00eb kishte n\u00eb nj\u00eb format televiziv: \u201c\u2026dhe m\u00eb von\u00eb kam ndejtur dhe kam menduar\u2026\u201d shtoi ajo, duke vendosur dor\u00ebn n\u00eb goj\u00eb si p\u00ebr t\u00eb treguar pendes\u00ebn apo sikletin e vonesh\u00ebm p\u00ebr m\u00ebnyr\u00ebn se si ky gjest mund t\u00eb jet\u00eb interpretuar nga publiku.<\/p>\n<div id=\"blogs-417451636\" class=\"blogs-after-content blogs-entity-placement\"><div id=\"div-gpt-ad-1770230601260-0\" style=\"width:300px; height:600px;\"><\/div><\/div><div id=\"blogs-1032460797\" class=\"blogs-adsense-after-kontent blogs-entity-placement\"><script async src=\"https:\/\/pagead2.googlesyndication.com\/pagead\/js\/adsbygoogle.js\"\r\n     crossorigin=\"anonymous\"><\/script>\r\n<!-- Tiranaread -->\r\n<ins class=\"adsbygoogle\"\r\n     style=\"display:inline-block;width:728px;height:90px\"\r\n     data-ad-client=\"ca-pub-2355142065052501\"\r\n\t data-page-url=\"https:\/\/blogseyir.com\"\r\n     data-ad-slot=\"7464751963\"><\/ins>\r\n<script>\r\n     (adsbygoogle = window.adsbygoogle || []).push({});\r\n<\/script><\/div>","protected":false},"excerpt":{"rendered":"<p>Situata q\u00eb shkaktoi nj\u00eb \u201ct\u00ebrmet\u201d komentesh n\u00eb rrjet, ku Vanesa u shfaq duke puthur v\u00ebllain e saj n\u00eb buz\u00eb gjat\u00eb surpriz\u00ebs n\u00eb \u201cFerma VIP\u201d, \u00ebsht\u00eb rikthyer s\u00ebrish n\u00eb qend\u00ebr t\u00eb v\u00ebmendjes. K\u00ebt\u00eb her\u00eb, ka qen\u00eb vet\u00eb Vanesa ajo q\u00eb ka folur p\u00ebr k\u00ebt\u00eb moment gjat\u00eb nj\u00eb diskutimi me fermer\u00ebt e tjer\u00eb. E pyetur n\u00ebse i [&hellip;]<\/p>\n","protected":false},"author":1,"featured_media":46003,"comment_status":"open","ping_status":"closed","sticky":false,"template":"","format":"standard","meta":{"footnotes":""},"categories":[34],"tags":[],"class_list":["post-46001","post","type-post","status-publish","format-standard","has-post-thumbnail","hentry","category-tvshow"],"_links":{"self":[{"href":"https:\/\/blogseyir.com\/wp\/wp-json\/wp\/v2\/posts\/46001","targetHints":{"allow":["GET"]}}],"collection":[{"href":"https:\/\/blogseyir.com\/wp\/wp-json\/wp\/v2\/posts"}],"about":[{"href":"https:\/\/blogseyir.com\/wp\/wp-json\/wp\/v2\/types\/post"}],"author":[{"embeddable":true,"href":"https:\/\/blogseyir.com\/wp\/wp-json\/wp\/v2\/users\/1"}],"replies":[{"embeddable":true,"href":"https:\/\/blogseyir.com\/wp\/wp-json\/wp\/v2\/comments?post=46001"}],"version-history":[{"count":1,"href":"https:\/\/blogseyir.com\/wp\/wp-json\/wp\/v2\/posts\/46001\/revisions"}],"predecessor-version":[{"id":46002,"href":"https:\/\/blogseyir.com\/wp\/wp-json\/wp\/v2\/posts\/46001\/revisions\/46002"}],"wp:featuredmedia":[{"embeddable":true,"href":"https:\/\/blogseyir.com\/wp\/wp-json\/wp\/v2\/media\/46003"}],"wp:attachment":[{"href":"https:\/\/blogseyir.com\/wp\/wp-json\/wp\/v2\/media?parent=46001"}],"wp:term":[{"taxonomy":"category","embeddable":true,"href":"https:\/\/blogseyir.com\/wp\/wp-json\/wp\/v2\/categories?post=46001"},{"taxonomy":"post_tag","embeddable":true,"href":"https:\/\/blogseyir.com\/wp\/wp-json\/wp\/v2\/tags?post=46001"}],"curies":[{"name":"wp","href":"https:\/\/api.w.org\/{rel}","templated":true}]}}