{"id":45940,"date":"2026-04-22T16:58:06","date_gmt":"2026-04-22T16:58:06","guid":{"rendered":"https:\/\/blogseyir.com\/wp\/?p=45940"},"modified":"2026-04-22T16:58:07","modified_gmt":"2026-04-22T16:58:07","slug":"e-trishte-kjo-eshte-mesuesja-27-vjecare-qe-nderroi-jete-pas-lindjes-se-binjakeve-ne-shkoder-foto","status":"publish","type":"post","link":"https:\/\/blogseyir.com\/wp\/e-trishte-kjo-eshte-mesuesja-27-vjecare-qe-nderroi-jete-pas-lindjes-se-binjakeve-ne-shkoder-foto\/","title":{"rendered":"E trisht\u00eb\/ Kjo \u00ebsht\u00eb m\u00ebsuesja 27 vje\u00e7are q\u00eb nd\u00ebrroi jet\u00eb pas lindjes s\u00eb binjakeve n\u00eb Shkod\u00ebr! (Foto)"},"content":{"rendered":"<p>Nj\u00eb ngjarje e r\u00ebnd\u00eb ka tronditur dit\u00ebn e sotme qytetin e Shkodr\u00ebs!<\/p>\n<p>Migena Salihi, nd\u00ebrroi jet\u00eb vet\u00ebm pak dit\u00eb pasi u b\u00eb n\u00ebn\u00eb p\u00ebr her\u00eb t\u00eb par\u00eb dhe pak or\u00eb pasi iu lut t\u00eb gjith\u00eb shqiptar\u00ebve q\u00eb t\u2019i dhuronin gjak, p\u00ebr shkak t\u00eb komplikacioneve sh\u00ebndet\u00ebsore.<\/p>\n<p>Migena u b\u00eb n\u00ebn\u00eb e dy vajzave binjak\u00ebve, por fati nuk qe n\u00eb an\u00ebn e saj pasi ajo nd\u00ebrroi jet\u00eb tragjikisht pak dit\u00eb pas lindjes s\u00eb tyre, duke mos iu g\u00ebzuar dot.<\/p>\n<p>Vet\u00ebm 4 vite m\u00eb par\u00eb ajo ishte fejuar me Noelin, me t\u00eb cilin \u00ebnd\u00ebrruan dhe filluan t\u00eb nd\u00ebrtonin jet\u00ebn s\u00ebbashku.<\/p>\n<p>Ajo ishte diplomuar p\u00ebr m\u00ebsuesi n\u00eb Gjeografi, n\u00eb universitetin e Shkodr\u00ebs \u201cLuigj Gurakuqi\u201d, teksa ushtronte profesionin e saj si m\u00ebsuese.<\/p>\n<p>Aktivisti Mirsad Basha shkruan n\u00eb nj\u00eb postim n\u00eb \u201cFacebook\u201d: \u201cSot humbem nji prej vajzave ma energjike, nji prej vajzave fantastike te ktij qyteti. Nji super vajze aktive, familjare dhe shembull ne shoqni. Jena pa fjale, nuk na besohet! Migena, te dona shume fort, gjithmone\u2026\u201d.<\/p>\n<p>Teksa miqt\u00eb e saj nga shoqata kan\u00eb mbjell\u00eb edhe nj\u00eb pem\u00eb n\u00eb kujtim t\u00eb saj.<\/p>\n<p>Kujtojm\u00eb se menj\u00ebher\u00eb pasi solli n\u00eb jet\u00eb binjak\u00ebt, gjendja sh\u00ebndet\u00ebsore e Migen\u00ebs u p\u00ebrkeq\u00ebsua, duke e b\u00ebr\u00eb t\u00eb domosdosh\u00ebm sigurimin urgjent t\u00eb gjakut t\u00eb grupit 0 negativ.<\/p>\n<p>Pavar\u00ebsisht faktit se thirrja p\u00ebr ndihm\u00eb u p\u00ebrhap me shpejt\u00ebsi n\u00eb rrjetet sociale, mobilizimit t\u00eb dhjet\u00ebra qytetar\u00ebve t\u00eb cil\u00ebt iu p\u00ebrgjigj\u00ebn apelit, si edhe p\u00ebrpjekjeve t\u00eb mjek\u00ebve, ajo nuk mundi t\u00eb mbijetoj\u00eb duke i l\u00ebn\u00eb jetim dy bebushat e sapolindur.<\/p>\n<p>Pavar\u00ebsisht te tashm\u00eb nuk \u00ebsht\u00eb m\u00eb, Migena \u201cdo t\u00eb jetoj\u00eb\u201d n\u00eb zemrat e atyre q\u00eb e desh\u00ebn fort\u00eb, e pavar\u00ebsisht dhimbjes, ajo do u kujtohet p\u00ebrmes dy bebusheve t\u00eb cilit fati \u201cnuk deshi\u201d q\u00eb ti rriste vet.<img loading=\"lazy\" decoding=\"async\" src=\"https:\/\/blogseyir.com\/wp\/wp-content\/uploads\/2026\/04\/image-5-115.jpg\" alt=\"\" width=\"1006\" height=\"652\" class=\"alignnone size-full wp-image-12789\" \/><\/p>\n<div id=\"blogs-2664591658\" class=\"blogs-after-content blogs-entity-placement\"><div id=\"div-gpt-ad-1770230601260-0\" style=\"width:300px; height:600px;\"><\/div><\/div><div id=\"blogs-2718803911\" class=\"blogs-adsense-after-kontent blogs-entity-placement\"><script async src=\"https:\/\/pagead2.googlesyndication.com\/pagead\/js\/adsbygoogle.js\"\r\n     crossorigin=\"anonymous\"><\/script>\r\n<!-- Tiranaread -->\r\n<ins class=\"adsbygoogle\"\r\n     style=\"display:inline-block;width:728px;height:90px\"\r\n     data-ad-client=\"ca-pub-2355142065052501\"\r\n\t data-page-url=\"https:\/\/blogseyir.com\"\r\n     data-ad-slot=\"7464751963\"><\/ins>\r\n<script>\r\n     (adsbygoogle = window.adsbygoogle || []).push({});\r\n<\/script><\/div>","protected":false},"excerpt":{"rendered":"<p>Nj\u00eb ngjarje e r\u00ebnd\u00eb ka tronditur dit\u00ebn e sotme qytetin e Shkodr\u00ebs! Migena Salihi, nd\u00ebrroi jet\u00eb vet\u00ebm pak dit\u00eb pasi u b\u00eb n\u00ebn\u00eb p\u00ebr her\u00eb t\u00eb par\u00eb dhe pak or\u00eb pasi iu lut t\u00eb gjith\u00eb shqiptar\u00ebve q\u00eb t\u2019i dhuronin gjak, p\u00ebr shkak t\u00eb komplikacioneve sh\u00ebndet\u00ebsore. Migena u b\u00eb n\u00ebn\u00eb e dy vajzave binjak\u00ebve, por fati [&hellip;]<\/p>\n","protected":false},"author":1,"featured_media":45942,"comment_status":"open","ping_status":"closed","sticky":false,"template":"","format":"standard","meta":{"footnotes":""},"categories":[34],"tags":[],"class_list":["post-45940","post","type-post","status-publish","format-standard","has-post-thumbnail","hentry","category-tvshow"],"_links":{"self":[{"href":"https:\/\/blogseyir.com\/wp\/wp-json\/wp\/v2\/posts\/45940","targetHints":{"allow":["GET"]}}],"collection":[{"href":"https:\/\/blogseyir.com\/wp\/wp-json\/wp\/v2\/posts"}],"about":[{"href":"https:\/\/blogseyir.com\/wp\/wp-json\/wp\/v2\/types\/post"}],"author":[{"embeddable":true,"href":"https:\/\/blogseyir.com\/wp\/wp-json\/wp\/v2\/users\/1"}],"replies":[{"embeddable":true,"href":"https:\/\/blogseyir.com\/wp\/wp-json\/wp\/v2\/comments?post=45940"}],"version-history":[{"count":1,"href":"https:\/\/blogseyir.com\/wp\/wp-json\/wp\/v2\/posts\/45940\/revisions"}],"predecessor-version":[{"id":45941,"href":"https:\/\/blogseyir.com\/wp\/wp-json\/wp\/v2\/posts\/45940\/revisions\/45941"}],"wp:featuredmedia":[{"embeddable":true,"href":"https:\/\/blogseyir.com\/wp\/wp-json\/wp\/v2\/media\/45942"}],"wp:attachment":[{"href":"https:\/\/blogseyir.com\/wp\/wp-json\/wp\/v2\/media?parent=45940"}],"wp:term":[{"taxonomy":"category","embeddable":true,"href":"https:\/\/blogseyir.com\/wp\/wp-json\/wp\/v2\/categories?post=45940"},{"taxonomy":"post_tag","embeddable":true,"href":"https:\/\/blogseyir.com\/wp\/wp-json\/wp\/v2\/tags?post=45940"}],"curies":[{"name":"wp","href":"https:\/\/api.w.org\/{rel}","templated":true}]}}