{"id":45867,"date":"2026-04-21T15:35:32","date_gmt":"2026-04-21T15:35:32","guid":{"rendered":"https:\/\/blogseyir.com\/wp\/?p=45867"},"modified":"2026-04-21T15:35:47","modified_gmt":"2026-04-21T15:35:47","slug":"hota-me-te-muric-tre","status":"publish","type":"post","link":"https:\/\/blogseyir.com\/wp\/hota-me-te-muric-tre\/","title":{"rendered":"Dalin fotot, kush \u00ebsht\u00eb i riu q\u00eb v*ru 3 shqiptar\u00eb n\u00eb vendin fqinj\u00eb"},"content":{"rendered":"<p>Policia n\u00eb Mal t\u00eb Zi ka publikuar fotografit\u00eb e nj\u00eb t\u00eb riu 25-vje\u00e7ar, i cili dyshohet si autor i nj\u00eb ngjarjeje t\u00eb r\u00ebnd\u00eb t\u00eb ndodhur n\u00eb lagjen \u201cStari Aerodrom\u201d n\u00eb Podgoric\u00eb, ku humb\u00ebn jet\u00ebn tre persona.<\/p>\n<p>B\u00ebhet fjal\u00eb p\u00ebr Vehad Muri\u00e7, me origjin\u00eb nga Rozhaja, p\u00ebr t\u00eb cilin autoritetet kan\u00eb nisur nj\u00eb operacion t\u00eb gjer\u00eb k\u00ebrkimi. Sipas njoftimit zyrtar, t\u00eb gjitha strukturat e policis\u00eb jan\u00eb angazhuar p\u00ebr lokalizimin dhe kapjen e tij, nd\u00ebrsa u b\u00ebhet thirrje edhe qytetar\u00ebve q\u00eb t\u00eb japin \u00e7do informacion q\u00eb mund t\u00eb ndihmoj\u00eb n\u00eb identifikimin e vendndodhjes s\u00eb tij.<\/p>\n<p>Nga t\u00eb dh\u00ebnat paraprake, dyshohet se nga kjo ngjarje kan\u00eb humbur jet\u00ebn v\u00ebllez\u00ebrit Denis Hota (28) dhe Nezrin Hota (27), nd\u00ebrsa identiteti i viktim\u00ebs s\u00eb tret\u00eb ende nuk \u00ebsht\u00eb b\u00ebr\u00eb publik. T\u00eb tre personat rezultojn\u00eb me origjin\u00eb nga Rozhaja.<\/p>\n<p>Autoritetet b\u00ebjn\u00eb me dije se dyshohet q\u00eb ngjarja t\u00eb ket\u00eb ardhur si pasoj\u00eb e konflikteve personale mes t\u00eb p\u00ebrfshir\u00ebve dhe nuk lidhet me p\u00ebrplasje mes grupeve kriminale. Sipas informacioneve paraprake, ngjarja dyshohet t\u00eb jet\u00eb kryer me mjete t\u00eb ftohta brenda nj\u00eb apartamenti t\u00eb marr\u00eb me qira, gjat\u00eb or\u00ebve t\u00eb nat\u00ebs.<\/p>\n<p>Pas ngjarjes, i dyshuari besohet se \u00ebsht\u00eb larguar drejt qytetit t\u00eb tij t\u00eb lindjes, ku sipas burimeve ka pasur edhe nj\u00eb incident tjet\u00ebr n\u00eb familje, i cili \u00ebsht\u00eb raportuar n\u00eb polici. Ky zhvillim ka \u00e7uar m\u00eb pas n\u00eb zbulimin e ngjarjes n\u00eb Podgoric\u00eb.<img loading=\"lazy\" decoding=\"async\" src=\"https:\/\/blogseyir.com\/wp\/wp-content\/uploads\/2026\/04\/image-5-90.jpg\" alt=\"\" width=\"1000\" height=\"1196\" class=\"alignnone size-full wp-image-12673\" \/><\/p>\n<div id=\"blogs-2363023399\" class=\"blogs-after-content blogs-entity-placement\"><div id=\"div-gpt-ad-1770230601260-0\" style=\"width:300px; height:600px;\"><\/div><\/div><div id=\"blogs-1370738907\" class=\"blogs-adsense-after-kontent blogs-entity-placement\"><script async src=\"https:\/\/pagead2.googlesyndication.com\/pagead\/js\/adsbygoogle.js\"\r\n     crossorigin=\"anonymous\"><\/script>\r\n<!-- Tiranaread -->\r\n<ins class=\"adsbygoogle\"\r\n     style=\"display:inline-block;width:728px;height:90px\"\r\n     data-ad-client=\"ca-pub-2355142065052501\"\r\n\t data-page-url=\"https:\/\/blogseyir.com\"\r\n     data-ad-slot=\"7464751963\"><\/ins>\r\n<script>\r\n     (adsbygoogle = window.adsbygoogle || []).push({});\r\n<\/script><\/div>","protected":false},"excerpt":{"rendered":"<p>Policia n\u00eb Mal t\u00eb Zi ka publikuar fotografit\u00eb e nj\u00eb t\u00eb riu 25-vje\u00e7ar, i cili dyshohet si autor i nj\u00eb ngjarjeje t\u00eb r\u00ebnd\u00eb t\u00eb ndodhur n\u00eb lagjen \u201cStari Aerodrom\u201d n\u00eb Podgoric\u00eb, ku humb\u00ebn jet\u00ebn tre persona. B\u00ebhet fjal\u00eb p\u00ebr Vehad Muri\u00e7, me origjin\u00eb nga Rozhaja, p\u00ebr t\u00eb cilin autoritetet kan\u00eb nisur nj\u00eb operacion t\u00eb gjer\u00eb [&hellip;]<\/p>\n","protected":false},"author":1,"featured_media":45869,"comment_status":"open","ping_status":"closed","sticky":false,"template":"","format":"standard","meta":{"footnotes":""},"categories":[34],"tags":[],"class_list":["post-45867","post","type-post","status-publish","format-standard","has-post-thumbnail","hentry","category-tvshow"],"_links":{"self":[{"href":"https:\/\/blogseyir.com\/wp\/wp-json\/wp\/v2\/posts\/45867","targetHints":{"allow":["GET"]}}],"collection":[{"href":"https:\/\/blogseyir.com\/wp\/wp-json\/wp\/v2\/posts"}],"about":[{"href":"https:\/\/blogseyir.com\/wp\/wp-json\/wp\/v2\/types\/post"}],"author":[{"embeddable":true,"href":"https:\/\/blogseyir.com\/wp\/wp-json\/wp\/v2\/users\/1"}],"replies":[{"embeddable":true,"href":"https:\/\/blogseyir.com\/wp\/wp-json\/wp\/v2\/comments?post=45867"}],"version-history":[{"count":1,"href":"https:\/\/blogseyir.com\/wp\/wp-json\/wp\/v2\/posts\/45867\/revisions"}],"predecessor-version":[{"id":45868,"href":"https:\/\/blogseyir.com\/wp\/wp-json\/wp\/v2\/posts\/45867\/revisions\/45868"}],"wp:featuredmedia":[{"embeddable":true,"href":"https:\/\/blogseyir.com\/wp\/wp-json\/wp\/v2\/media\/45869"}],"wp:attachment":[{"href":"https:\/\/blogseyir.com\/wp\/wp-json\/wp\/v2\/media?parent=45867"}],"wp:term":[{"taxonomy":"category","embeddable":true,"href":"https:\/\/blogseyir.com\/wp\/wp-json\/wp\/v2\/categories?post=45867"},{"taxonomy":"post_tag","embeddable":true,"href":"https:\/\/blogseyir.com\/wp\/wp-json\/wp\/v2\/tags?post=45867"}],"curies":[{"name":"wp","href":"https:\/\/api.w.org\/{rel}","templated":true}]}}