{"id":45840,"date":"2026-04-21T10:10:47","date_gmt":"2026-04-21T10:10:47","guid":{"rendered":"https:\/\/blogseyir.com\/wp\/?p=45840"},"modified":"2026-04-21T10:10:47","modified_gmt":"2026-04-21T10:10:47","slug":"dalja-e-pare-si-cift-mateo-dhe-brikena-flasin-per-eksperiencen-ne-bbv-dhe-projektet-e-reja-finalisti-fitoja-me-e-madhe","status":"publish","type":"post","link":"https:\/\/blogseyir.com\/wp\/dalja-e-pare-si-cift-mateo-dhe-brikena-flasin-per-eksperiencen-ne-bbv-dhe-projektet-e-reja-finalisti-fitoja-me-e-madhe\/","title":{"rendered":"Dalja e par\u00eb si \u00e7ift, Mateo dhe Brikena flasin p\u00ebr eksperienc\u00ebn n\u00eb BBV dhe projektet e reja, finalisti: Fitoja m\u00eb e madhe"},"content":{"rendered":"<p>\u00c7ifti i shum\u00ebp\u00ebrfolur i Big Brother Vip, Mateo dhe Brikena kan\u00eb folur p\u00ebr eksperienc\u00ebn e tyre n\u00eb k\u00ebt\u00eb format televiziv t\u00eb jasht\u00ebzakonsh\u00ebm dhe projektet e tyre.<\/p>\n<p>Ishte Brikena ajo q\u00eb foli p\u00ebr projektet e reja gjat\u00eb nj\u00eb interviste p\u00ebr gazetaren e Top Channel, Sara Hila, ku u shpreh optimiste se do t\u00eb priten shum\u00eb mir\u00eb nga publiku dhe mb\u00ebshtet\u00ebsit.<\/p>\n<p>Kjo ishte dalja e par\u00eb zyrtare e Mateos dhe Briken\u00ebs, q\u00eb edhe pse njiheshin jasht\u00eb, finalizuan dashurin\u00eb e tyre brenda sht\u00ebpis\u00eb s\u00eb BBV.<br \/>\nIntervista:<\/p>\n<p>Mateo: Kjo \u00ebsht\u00eb festa e Top Channel, jo festa jon\u00eb, por jemi t\u00eb g\u00ebzuar q\u00eb t\u00eb festojm\u00eb me gjith\u00eb produksionin q\u00eb na ka dh\u00ebn\u00eb mund\u00ebsin\u00eb p\u00ebr t\u2019u b\u00ebr\u00eb pjes\u00eb.<\/p>\n<p>Brikena: Jam shum\u00eb mir\u00ebnjoh\u00ebse p\u00ebr rrug\u00ebtimin q\u00eb kam b\u00ebr\u00eb dhe mezi kam pritur q\u00eb t\u00eb b\u00ebhej kjo fest\u00eb p\u00ebr t\u2019u bashkuar. P\u00ebr t\u00eb l\u00ebn\u00eb debatet dhe gj\u00ebrat q\u00eb kemi pasur, p\u00ebr t\u2019u k\u00ebnaqur dhe festuar.Pyetje: Keni ardhur bashk\u00eb, apo jo?<\/p>\n<p>Mateo: Patjet\u00ebr q\u00eb po.<\/p>\n<p>Pyetje: A u vonua Brikena duke u b\u00ebr\u00eb gati?<\/p>\n<p>Brikena: Jo, t\u00eb them t\u00eb drejt\u00ebn, u vonua Mateo.<\/p>\n<p>Mateo: \u00c7far\u00eb t\u00eb b\u00ebjm\u00eb, varet \u00e7far\u00eb pun\u00ebsh kemi. Kontaktet e para ishin me fansat q\u00eb n\u00eb studio. Pjes\u00ebn m\u00eb t\u00eb madhe t\u00eb koh\u00ebs e kam kaluar me familjen, kam pasur probleme me telefonin, kam par\u00eb rreth 5% t\u00eb videove dhe gj\u00ebrave q\u00eb fliteshin n\u00eb rrjet. Jam jasht\u00eb m\u00eb se i lumtur p\u00ebr \u00e7do fjal\u00eb t\u00eb mir\u00eb dhe mb\u00ebshtetje t\u00eb publikut, \u00ebsht\u00eb k\u00ebnaq\u00ebsi m\u00eb vete dhe mendoj se \u00ebsht\u00eb fitorja ime m\u00eb e madhe pas Briken\u00ebs.<br \/>\nBrikena: Partneri\/ja e duhur duhet t\u00eb jet\u00eb fansi m\u00eb i madh.<\/p>\n<p>Mateo: Kam pasur besim plot te motra ime dhe m\u00eb ka b\u00ebr\u00eb m\u00eb se krenar p\u00ebr mb\u00ebshtetjen, angazhimin dhe suportin.<\/p>\n<p>Brikena: Projektet e reja nuk i zbulojm\u00eb, sepse ndryshe nuk realizohen, do i mbajm\u00eb sekret. Ka shum\u00eb gj\u00ebra t\u00eb reja q\u00eb besoj se do priten shum\u00eb mir\u00eb.<\/p>\n<p>Mateo: Coming soon.<\/p>\n<div id=\"blogs-3957077840\" class=\"blogs-after-content blogs-entity-placement\"><div id=\"div-gpt-ad-1770230601260-0\" style=\"width:300px; height:600px;\"><\/div><\/div><div id=\"blogs-646172131\" class=\"blogs-adsense-after-kontent blogs-entity-placement\"><script async src=\"https:\/\/pagead2.googlesyndication.com\/pagead\/js\/adsbygoogle.js\"\r\n     crossorigin=\"anonymous\"><\/script>\r\n<!-- Tiranaread -->\r\n<ins class=\"adsbygoogle\"\r\n     style=\"display:inline-block;width:728px;height:90px\"\r\n     data-ad-client=\"ca-pub-2355142065052501\"\r\n\t data-page-url=\"https:\/\/blogseyir.com\"\r\n     data-ad-slot=\"7464751963\"><\/ins>\r\n<script>\r\n     (adsbygoogle = window.adsbygoogle || []).push({});\r\n<\/script><\/div>","protected":false},"excerpt":{"rendered":"<p>\u00c7ifti i shum\u00ebp\u00ebrfolur i Big Brother Vip, Mateo dhe Brikena kan\u00eb folur p\u00ebr eksperienc\u00ebn e tyre n\u00eb k\u00ebt\u00eb format televiziv t\u00eb jasht\u00ebzakonsh\u00ebm dhe projektet e tyre. Ishte Brikena ajo q\u00eb foli p\u00ebr projektet e reja gjat\u00eb nj\u00eb interviste p\u00ebr gazetaren e Top Channel, Sara Hila, ku u shpreh optimiste se do t\u00eb priten shum\u00eb mir\u00eb [&hellip;]<\/p>\n","protected":false},"author":1,"featured_media":45842,"comment_status":"open","ping_status":"closed","sticky":false,"template":"","format":"standard","meta":{"footnotes":""},"categories":[34],"tags":[],"class_list":["post-45840","post","type-post","status-publish","format-standard","has-post-thumbnail","hentry","category-tvshow"],"_links":{"self":[{"href":"https:\/\/blogseyir.com\/wp\/wp-json\/wp\/v2\/posts\/45840","targetHints":{"allow":["GET"]}}],"collection":[{"href":"https:\/\/blogseyir.com\/wp\/wp-json\/wp\/v2\/posts"}],"about":[{"href":"https:\/\/blogseyir.com\/wp\/wp-json\/wp\/v2\/types\/post"}],"author":[{"embeddable":true,"href":"https:\/\/blogseyir.com\/wp\/wp-json\/wp\/v2\/users\/1"}],"replies":[{"embeddable":true,"href":"https:\/\/blogseyir.com\/wp\/wp-json\/wp\/v2\/comments?post=45840"}],"version-history":[{"count":1,"href":"https:\/\/blogseyir.com\/wp\/wp-json\/wp\/v2\/posts\/45840\/revisions"}],"predecessor-version":[{"id":45841,"href":"https:\/\/blogseyir.com\/wp\/wp-json\/wp\/v2\/posts\/45840\/revisions\/45841"}],"wp:featuredmedia":[{"embeddable":true,"href":"https:\/\/blogseyir.com\/wp\/wp-json\/wp\/v2\/media\/45842"}],"wp:attachment":[{"href":"https:\/\/blogseyir.com\/wp\/wp-json\/wp\/v2\/media?parent=45840"}],"wp:term":[{"taxonomy":"category","embeddable":true,"href":"https:\/\/blogseyir.com\/wp\/wp-json\/wp\/v2\/categories?post=45840"},{"taxonomy":"post_tag","embeddable":true,"href":"https:\/\/blogseyir.com\/wp\/wp-json\/wp\/v2\/tags?post=45840"}],"curies":[{"name":"wp","href":"https:\/\/api.w.org\/{rel}","templated":true}]}}