{"id":45837,"date":"2026-04-21T07:48:07","date_gmt":"2026-04-21T07:48:07","guid":{"rendered":"https:\/\/blogseyir.com\/wp\/?p=45837"},"modified":"2026-04-21T07:50:25","modified_gmt":"2026-04-21T07:50:25","slug":"flas-ka-ata-fabiola-duket","status":"publish","type":"post","link":"https:\/\/blogseyir.com\/wp\/flas-ka-ata-fabiola-duket\/","title":{"rendered":"Ka l\u00ebn\u00eb t\u00eb dashur\u00ebn jasht\u00eb,por i hapur p\u00ebr nj\u00eb romanc\u00eb n\u00eb Ferma Vip, Adi: Nuk dua t\u00eb flas p\u00ebr k\u00ebt\u00eb!"},"content":{"rendered":"<p>Mes dy fermer\u00ebve, Adit dhe Fabiol\u00ebs, duket se ka nisur nj\u00eb romanc\u00eb.<\/p>\n<p>T\u00eb premte, Adi mori pjes\u00eb n\u00eb dasm\u00ebn e v\u00ebllait t\u00eb tij n\u00eb Gjakov\u00eb dhe si shoq\u00ebruese, ai mori Fabiol\u00ebn.<\/p>\n<p>Por pavar\u00ebsisht k\u00ebsaj, Adi n\u00eb mbr\u00ebmjen e sotme ka deklaruar se ai ka l\u00ebn\u00eb nj\u00eb lidhje t\u00eb hapur jasht\u00eb, p\u00ebr t\u00eb cil\u00ebn ka dhe ndjenja, por refuzoi ta komentoj m\u00eb tej.<\/p>\n<p>\u201cKam dik\u00eb jasht\u00eb, por nuk dua t\u00eb flas p\u00ebr k\u00ebt\u00eb\u201d, tha Adi.<\/p>\n<p>Por nga ana e Fabiol\u00ebs, kjo gj\u00eb nuk \u00ebsht\u00eb pritur edhe aq mir\u00eb. Ajo tha se n\u00eb nj\u00eb lidhje k\u00ebrkon p\u00ebrkushtim maksimal dhe nga nj\u00eb mashkull k\u00ebrkon q\u00eb t\u00eb jet\u00eb 100% I saj, ose shanset p\u00ebr t\u00eb qen\u00eb bashk\u00eb jan\u00eb 0.<\/p>\n<p>\u201cUn\u00eb k\u00ebrkoj sigurin\u00eb. N\u00ebse dashuron\u00eb dik\u00eb jasht\u00eb, un\u00eb jam 0\u201d, tha Fabiola.<\/p>\n<p>Por edhe n\u00eb syt\u00eb e fermer\u00ebve, mes dyshes mund t\u00eb ket\u00eb di\u00e7ka, duke e v\u00ebn\u00eb theksin tek t\u00ebrheqja q\u00eb ata kan\u00eb mes nj\u00ebri-tjetrit.<\/p>\n<div id=\"blogs-185850450\" class=\"blogs-after-content blogs-entity-placement\"><div id=\"div-gpt-ad-1770230601260-0\" style=\"width:300px; height:600px;\"><\/div><\/div><div id=\"blogs-3215915716\" class=\"blogs-adsense-after-kontent blogs-entity-placement\"><script async src=\"https:\/\/pagead2.googlesyndication.com\/pagead\/js\/adsbygoogle.js\"\r\n     crossorigin=\"anonymous\"><\/script>\r\n<!-- Tiranaread -->\r\n<ins class=\"adsbygoogle\"\r\n     style=\"display:inline-block;width:728px;height:90px\"\r\n     data-ad-client=\"ca-pub-2355142065052501\"\r\n\t data-page-url=\"https:\/\/blogseyir.com\"\r\n     data-ad-slot=\"7464751963\"><\/ins>\r\n<script>\r\n     (adsbygoogle = window.adsbygoogle || []).push({});\r\n<\/script><\/div>","protected":false},"excerpt":{"rendered":"<p>Mes dy fermer\u00ebve, Adit dhe Fabiol\u00ebs, duket se ka nisur nj\u00eb romanc\u00eb. T\u00eb premte, Adi mori pjes\u00eb n\u00eb dasm\u00ebn e v\u00ebllait t\u00eb tij n\u00eb Gjakov\u00eb dhe si shoq\u00ebruese, ai mori Fabiol\u00ebn. Por pavar\u00ebsisht k\u00ebsaj, Adi n\u00eb mbr\u00ebmjen e sotme ka deklaruar se ai ka l\u00ebn\u00eb nj\u00eb lidhje t\u00eb hapur jasht\u00eb, p\u00ebr t\u00eb cil\u00ebn ka dhe [&hellip;]<\/p>\n","protected":false},"author":1,"featured_media":45839,"comment_status":"open","ping_status":"closed","sticky":false,"template":"","format":"standard","meta":{"footnotes":""},"categories":[34],"tags":[],"class_list":["post-45837","post","type-post","status-publish","format-standard","has-post-thumbnail","hentry","category-tvshow"],"_links":{"self":[{"href":"https:\/\/blogseyir.com\/wp\/wp-json\/wp\/v2\/posts\/45837","targetHints":{"allow":["GET"]}}],"collection":[{"href":"https:\/\/blogseyir.com\/wp\/wp-json\/wp\/v2\/posts"}],"about":[{"href":"https:\/\/blogseyir.com\/wp\/wp-json\/wp\/v2\/types\/post"}],"author":[{"embeddable":true,"href":"https:\/\/blogseyir.com\/wp\/wp-json\/wp\/v2\/users\/1"}],"replies":[{"embeddable":true,"href":"https:\/\/blogseyir.com\/wp\/wp-json\/wp\/v2\/comments?post=45837"}],"version-history":[{"count":1,"href":"https:\/\/blogseyir.com\/wp\/wp-json\/wp\/v2\/posts\/45837\/revisions"}],"predecessor-version":[{"id":45838,"href":"https:\/\/blogseyir.com\/wp\/wp-json\/wp\/v2\/posts\/45837\/revisions\/45838"}],"wp:featuredmedia":[{"embeddable":true,"href":"https:\/\/blogseyir.com\/wp\/wp-json\/wp\/v2\/media\/45839"}],"wp:attachment":[{"href":"https:\/\/blogseyir.com\/wp\/wp-json\/wp\/v2\/media?parent=45837"}],"wp:term":[{"taxonomy":"category","embeddable":true,"href":"https:\/\/blogseyir.com\/wp\/wp-json\/wp\/v2\/categories?post=45837"},{"taxonomy":"post_tag","embeddable":true,"href":"https:\/\/blogseyir.com\/wp\/wp-json\/wp\/v2\/tags?post=45837"}],"curies":[{"name":"wp","href":"https:\/\/api.w.org\/{rel}","templated":true}]}}