{"id":4560,"date":"2024-12-17T20:11:14","date_gmt":"2024-12-17T20:11:14","guid":{"rendered":"https:\/\/blogseyir.com\/wp\/?p=4560"},"modified":"2024-12-17T20:11:16","modified_gmt":"2024-12-17T20:11:16","slug":"kiara-e-zgjuar-vec-e-vec-per-pa-dalina-ben-deklaraten-e-forte-luizi-i-reagon-ashper","status":"publish","type":"post","link":"https:\/\/blogseyir.com\/wp\/kiara-e-zgjuar-vec-e-vec-per-pa-dalina-ben-deklaraten-e-forte-luizi-i-reagon-ashper\/","title":{"rendered":"\u201cKiara e zgjuar, ve\u00e7 e ve\u00e7 p\u00ebr pa&#8230;\u201d Dalina b\u00ebn deklarat\u00ebn e fort\u00eb, Luizi i reagon ashp\u00ebr"},"content":{"rendered":"<p>S\u00eb fundmi, Dalina Buzi ka b\u00ebr\u00eb nj\u00eb deklarat\u00eb<\/p>\n<p>&nbsp;<\/p>\n<p><img loading=\"lazy\" decoding=\"async\" class=\"wp-image-303 alignnone size-full\" src=\"https:\/\/blogseyir.com\/wp\/wp-content\/uploads\/2024\/12\/image-5-2.jpg\" alt=\"\" width=\"750\" height=\"424\" \/><\/p>\n<p>t\u00eb fort\u00eb p\u00ebr \u00e7iftin e njohur, Luiz Ejlli dhe Kiara Tito.<\/p>\n<p>Gjat\u00eb nj\u00eb podkast-i, ajo ka komentuar mbi marr\u00ebdh\u00ebnien e \u00e7iftit duke th\u00ebn\u00eb: \u201cKiara \u00ebsht\u00eb e zgjuar, ve\u00e7 e ve\u00e7 p\u00ebr pasurin\u00eb, bashk\u00eb p\u00ebr f\u00ebmij\u00ebn\u201c.<\/p>\n<p>Nd\u00ebrkoh\u00eb, Luiz Ejlli nuk ka q\u00ebndruar i heshtur. Ai ka replikuar n\u00ebn deklarat\u00ebn e Dalin\u00ebs duke th\u00ebn\u00eb:<\/p>\n<p>\u201cShpresa e fundit q\u00eb t\u00eb b\u00ebhej opinioniste ishte kjo skena k\u00ebtu. Mir\u00eb q\u00eb i iku bosh edhe kjo, por i doli boja ftyr2mij\u00ebshes\u201d. N\u00eb nj\u00eb tjet\u00ebr replik\u00eb Luizi shkruan: \u201cSe harrova. Urime p\u00ebr emisionin k\u00ebtyre 3 gocave\u201d.<\/p>\n<div id=\"blogs-2215370933\" class=\"blogs-after-content blogs-entity-placement\"><div id=\"div-gpt-ad-1770230601260-0\" style=\"width:300px; height:600px;\"><\/div><\/div><div id=\"blogs-2307718562\" class=\"blogs-adsense-after-kontent blogs-entity-placement\"><script async src=\"https:\/\/pagead2.googlesyndication.com\/pagead\/js\/adsbygoogle.js\"\r\n     crossorigin=\"anonymous\"><\/script>\r\n<!-- Tiranaread -->\r\n<ins class=\"adsbygoogle\"\r\n     style=\"display:inline-block;width:728px;height:90px\"\r\n     data-ad-client=\"ca-pub-2355142065052501\"\r\n\t data-page-url=\"https:\/\/blogseyir.com\"\r\n     data-ad-slot=\"7464751963\"><\/ins>\r\n<script>\r\n     (adsbygoogle = window.adsbygoogle || []).push({});\r\n<\/script><\/div>","protected":false},"excerpt":{"rendered":"<p>S\u00eb fundmi, Dalina Buzi ka b\u00ebr\u00eb nj\u00eb deklarat\u00eb &nbsp; t\u00eb fort\u00eb p\u00ebr \u00e7iftin e njohur, Luiz Ejlli dhe Kiara Tito. Gjat\u00eb nj\u00eb podkast-i, ajo ka komentuar mbi marr\u00ebdh\u00ebnien e \u00e7iftit duke th\u00ebn\u00eb: \u201cKiara \u00ebsht\u00eb e zgjuar, ve\u00e7 e ve\u00e7 p\u00ebr pasurin\u00eb, bashk\u00eb p\u00ebr f\u00ebmij\u00ebn\u201c. Nd\u00ebrkoh\u00eb, Luiz Ejlli nuk ka q\u00ebndruar i heshtur. Ai ka replikuar [&hellip;]<\/p>\n","protected":false},"author":1,"featured_media":4559,"comment_status":"open","ping_status":"closed","sticky":false,"template":"","format":"standard","meta":{"footnotes":""},"categories":[34],"tags":[],"class_list":["post-4560","post","type-post","status-publish","format-standard","has-post-thumbnail","hentry","category-tvshow"],"_links":{"self":[{"href":"https:\/\/blogseyir.com\/wp\/wp-json\/wp\/v2\/posts\/4560","targetHints":{"allow":["GET"]}}],"collection":[{"href":"https:\/\/blogseyir.com\/wp\/wp-json\/wp\/v2\/posts"}],"about":[{"href":"https:\/\/blogseyir.com\/wp\/wp-json\/wp\/v2\/types\/post"}],"author":[{"embeddable":true,"href":"https:\/\/blogseyir.com\/wp\/wp-json\/wp\/v2\/users\/1"}],"replies":[{"embeddable":true,"href":"https:\/\/blogseyir.com\/wp\/wp-json\/wp\/v2\/comments?post=4560"}],"version-history":[{"count":1,"href":"https:\/\/blogseyir.com\/wp\/wp-json\/wp\/v2\/posts\/4560\/revisions"}],"predecessor-version":[{"id":4561,"href":"https:\/\/blogseyir.com\/wp\/wp-json\/wp\/v2\/posts\/4560\/revisions\/4561"}],"wp:featuredmedia":[{"embeddable":true,"href":"https:\/\/blogseyir.com\/wp\/wp-json\/wp\/v2\/media\/4559"}],"wp:attachment":[{"href":"https:\/\/blogseyir.com\/wp\/wp-json\/wp\/v2\/media?parent=4560"}],"wp:term":[{"taxonomy":"category","embeddable":true,"href":"https:\/\/blogseyir.com\/wp\/wp-json\/wp\/v2\/categories?post=4560"},{"taxonomy":"post_tag","embeddable":true,"href":"https:\/\/blogseyir.com\/wp\/wp-json\/wp\/v2\/tags?post=4560"}],"curies":[{"name":"wp","href":"https:\/\/api.w.org\/{rel}","templated":true}]}}