{"id":45488,"date":"2026-04-16T17:38:34","date_gmt":"2026-04-16T17:38:34","guid":{"rendered":"https:\/\/blogseyir.com\/wp\/?p=45488"},"modified":"2026-04-16T19:13:52","modified_gmt":"2026-04-16T19:13:52","slug":"nje-artist-i-madh","status":"publish","type":"post","link":"https:\/\/blogseyir.com\/wp\/nje-artist-i-madh\/","title":{"rendered":"Trishtim dhe dhimbje e madhe! Ndahet nga jeta artisti i njohur shqiptar (Foto dhe Emri)"},"content":{"rendered":"<p>Lahutari shqiptar, Jonuz Delaj, \u00ebsht\u00eb ndar\u00eb nga jeta k\u00ebt\u00eb t\u00eb enjte n\u00eb mosh\u00ebn 76-vje\u00e7are.<\/p>\n<p>Me an\u00eb t\u00eb nj\u00eb postimi n\u00eb rrjetet sociale, ministri i Kultur\u00ebs, Blendi Gonxhja, e kujtoi Delajn si \u201cmagjistarin e lahut\u00ebs\u201d.<\/p>\n<p>Postimi i ministrit:<\/p>\n<p>Me ndarjen nga jeta t\u00eb Jonuz Delaj, kultura shqiptare humbi jo vet\u00ebm nj\u00eb lahutar, por nj\u00eb epok\u00eb t\u00eb gjall\u00eb t\u00eb kujtes\u00ebs son\u00eb historike. I ardhur nga Mal\u00ebsia e Madhe, ai u njoh si \u201cmagjistari i lahut\u00ebs\u201d dhe shpesh u cil\u00ebsua si nj\u00eb nga bart\u00ebsit e fundit autentik\u00eb t\u00eb Eposit t\u00eb Kreshnik\u00ebve.<\/p>\n<p><img loading=\"lazy\" decoding=\"async\" class=\"alignnone size-full wp-image-12122\" src=\"https:\/\/post.gazetatirana.com\/wp-content\/uploads\/2026\/04\/image-231.webp\" alt=\"\" width=\"1000\" height=\"578\" \/><\/p>\n<p>Si\u00e7 rr\u00ebfehet edhe n\u00eb reportazhe kushtuar jet\u00ebs s\u00eb tij, Jonuz Delaj e mbarti lahut\u00ebn si pjes\u00eb t\u00eb qenies s\u00eb vet, duke k\u00ebnduar k\u00ebng\u00eb epike t\u00eb m\u00ebsuara gojarisht, pa shkrim e pa skenografi, vet\u00ebm me kujtes\u00ebn, z\u00ebrin dhe forc\u00ebn shpirt\u00ebrore. P\u00ebr t\u00eb, lahuta nuk ishte instrument, por d\u00ebshmi e identitetit dhe e historis\u00eb shqiptare.<\/p>\n<p>Sot, kjo trash\u00ebgimi merr nj\u00eb dometh\u00ebnie edhe m\u00eb t\u00eb madhe, n\u00eb koh\u00ebn kur lahuta shqiptare g\u00ebzon statusin e Trash\u00ebgimis\u00eb Kulturore Jomateriale t\u00eb UNESCO-s \u2013 nj\u00eb vler\u00ebsim q\u00eb nderon edhe figura si Jonuz Delaj, t\u00eb cil\u00ebt e ruajt\u00ebn at\u00eb n\u00eb form\u00ebn m\u00eb t\u00eb past\u00ebr.<\/p>\n<p>Ai u largua nga jeta, por z\u00ebri i tij mbetet i gdhendur n\u00eb tingullin e lahut\u00ebs, n\u00eb epik\u00ebn shqiptare dhe n\u00eb kujtes\u00ebn ton\u00eb kolektive. Institucionet shqiptare jan\u00eb t\u00eb angazhuara p\u00ebr ruajtjen, p\u00ebrcjelljen brezave dhe edukimin mbi dijeb\u00ebrjen, q\u00eb thesaret tona t\u00eb tradit\u00ebs t\u00eb jetojn\u00eb, t\u00eb tregohen e t\u00eb ushtrohen p\u00ebrgjithmon\u00eb.\/Top Channel<\/p>\n<div id=\"blogs-330176009\" class=\"blogs-after-content blogs-entity-placement\"><div id=\"div-gpt-ad-1770230601260-0\" style=\"width:300px; height:600px;\"><\/div><\/div><div id=\"blogs-3290572174\" class=\"blogs-adsense-after-kontent blogs-entity-placement\"><script async src=\"https:\/\/pagead2.googlesyndication.com\/pagead\/js\/adsbygoogle.js\"\r\n     crossorigin=\"anonymous\"><\/script>\r\n<!-- Tiranaread -->\r\n<ins class=\"adsbygoogle\"\r\n     style=\"display:inline-block;width:728px;height:90px\"\r\n     data-ad-client=\"ca-pub-2355142065052501\"\r\n\t data-page-url=\"https:\/\/blogseyir.com\"\r\n     data-ad-slot=\"7464751963\"><\/ins>\r\n<script>\r\n     (adsbygoogle = window.adsbygoogle || []).push({});\r\n<\/script><\/div>","protected":false},"excerpt":{"rendered":"<p>Lahutari shqiptar, Jonuz Delaj, \u00ebsht\u00eb ndar\u00eb nga jeta k\u00ebt\u00eb t\u00eb enjte n\u00eb mosh\u00ebn 76-vje\u00e7are. Me an\u00eb t\u00eb nj\u00eb postimi n\u00eb rrjetet sociale, ministri i Kultur\u00ebs, Blendi Gonxhja, e kujtoi Delajn si \u201cmagjistarin e lahut\u00ebs\u201d. Postimi i ministrit: Me ndarjen nga jeta t\u00eb Jonuz Delaj, kultura shqiptare humbi jo vet\u00ebm nj\u00eb lahutar, por nj\u00eb epok\u00eb t\u00eb [&hellip;]<\/p>\n","protected":false},"author":1,"featured_media":45490,"comment_status":"open","ping_status":"closed","sticky":false,"template":"","format":"standard","meta":{"footnotes":""},"categories":[32],"tags":[2541,40,41],"class_list":["post-45488","post","type-post","status-publish","format-standard","has-post-thumbnail","hentry","category-te-fundit","tag-jonuz-delaj","tag-te-fundit","tag-vdekje"],"_links":{"self":[{"href":"https:\/\/blogseyir.com\/wp\/wp-json\/wp\/v2\/posts\/45488","targetHints":{"allow":["GET"]}}],"collection":[{"href":"https:\/\/blogseyir.com\/wp\/wp-json\/wp\/v2\/posts"}],"about":[{"href":"https:\/\/blogseyir.com\/wp\/wp-json\/wp\/v2\/types\/post"}],"author":[{"embeddable":true,"href":"https:\/\/blogseyir.com\/wp\/wp-json\/wp\/v2\/users\/1"}],"replies":[{"embeddable":true,"href":"https:\/\/blogseyir.com\/wp\/wp-json\/wp\/v2\/comments?post=45488"}],"version-history":[{"count":1,"href":"https:\/\/blogseyir.com\/wp\/wp-json\/wp\/v2\/posts\/45488\/revisions"}],"predecessor-version":[{"id":45489,"href":"https:\/\/blogseyir.com\/wp\/wp-json\/wp\/v2\/posts\/45488\/revisions\/45489"}],"wp:featuredmedia":[{"embeddable":true,"href":"https:\/\/blogseyir.com\/wp\/wp-json\/wp\/v2\/media\/45490"}],"wp:attachment":[{"href":"https:\/\/blogseyir.com\/wp\/wp-json\/wp\/v2\/media?parent=45488"}],"wp:term":[{"taxonomy":"category","embeddable":true,"href":"https:\/\/blogseyir.com\/wp\/wp-json\/wp\/v2\/categories?post=45488"},{"taxonomy":"post_tag","embeddable":true,"href":"https:\/\/blogseyir.com\/wp\/wp-json\/wp\/v2\/tags?post=45488"}],"curies":[{"name":"wp","href":"https:\/\/api.w.org\/{rel}","templated":true}]}}